{"id":140629,"date":"2022-02-11T10:45:00","date_gmt":"2022-02-11T15:45:00","guid":{"rendered":"https:\/\/linitiative.ca\/International\/samsung-devoile-la-galaxy-s22-series-qui-constituent-une-revolution-en-matiere-dappareil-photo-de-jour-comme-de-nuit\/"},"modified":"2022-02-11T10:45:00","modified_gmt":"2022-02-11T15:45:00","slug":"samsung-devoile-la-galaxy-s22-series-qui-constituent-une-revolution-en-matiere-dappareil-photo-de-jour-comme-de-nuit","status":"publish","type":"post","link":"https:\/\/linitiative.ca\/International\/samsung-devoile-la-galaxy-s22-series-qui-constituent-une-revolution-en-matiere-dappareil-photo-de-jour-comme-de-nuit\/","title":{"rendered":"Samsung d\u00e9voile la Galaxy S22 series qui constituent une r\u00e9volution en mati\u00e8re d\u2019appareil photo, de jour comme de nuit"},"content":{"rendered":"<div><img decoding=\"async\" src=\"https:\/\/linitiative.ca\/International\/wp-content\/uploads\/sites\/23\/2022\/02\/1644590885_article.jpg\" alt=\"Samsung d\u00e9voile la Galaxy S22 series qui constituent une r\u00e9volution en mati\u00e8re d\u2019appareil photo, de jour comme de nuit\" align=\"left\">Les v\u00e9ritables innovations ne se contentent pas d\u2019\u00e9voluer avec le monde \u2013 elles contribuent \u00e0 le fa\u00e7onner. Pour cr\u00e9er les appareils qui nous font avancer, r\u00e9\u00e9crire l\u2019avenir et \u00e9clairer les zones plus sombres, nous devons continuer \u00e0 briser les r\u00e8gles de ce qui est possible avec un t\u00e9l\u00e9phone intelligent.\u00a0\u00a0<br \/>\nSamsung vientded\u00e9voiler les Galaxy S22, S22+ et S22 Ultra. Une s\u00e9rie de smartphones phares qui inspireront la cr\u00e9ativit\u00e9 et les moyens d\u2019expression des clients. Les appareils photo dynamiques avec traitement d\u2019image intelligent avanc\u00e9 rendent chaque moment \u00e9pique. La combinaison d\u2019un design audacieux et de l\u2019utilisation de mat\u00e9riaux responsables rend la &#8230;<\/p>\n<\/div>\n<p>Auteur:<br \/>\n<a href=\"https:\/\/www.leaders.com.tn\/article\/32956-samsung-devoile-la-galaxy-s22-series-qui-constituent-une-revolution-en-matiere-d-appareil-photo-de-jour-comme-de-nuit\">Cliquez ici pour lire l&rsquo;article depuis sa source.<\/a><\/p>\n","protected":false},"excerpt":{"rendered":"<p>Les v\u00e9ritables innovations ne se contentent pas d\u2019\u00e9voluer avec le monde \u2013 elles contribuent \u00e0 le fa\u00e7onner. Pour cr\u00e9er les appareils qui nous font avancer, r\u00e9\u00e9crire l\u2019avenir et \u00e9clairer les zones plus sombres, nous devons continuer \u00e0 briser les r\u00e8gles de ce qui est possible avec un t\u00e9l\u00e9phone intelligent.\u00a0\u00a0 Samsung vientded\u00e9voiler les Galaxy S22, S22+ [&hellip;]<\/p>\n","protected":false},"author":1772,"featured_media":0,"comment_status":"closed","ping_status":"closed","sticky":false,"template":"","format":"standard","meta":{"fifu_image_url":"http:\/\/www.leaders.com.tn\/uploads\/content\/thumbnails_small\/1644590885_article.jpg","fifu_image_alt":"Samsung d\u00e9voile la Galaxy S22 series qui constituent une r\u00e9volution en mati\u00e8re d\u2019appareil photo, de jour comme de nuit","footnotes":""},"categories":[73,55],"tags":[],"class_list":["post-140629","post","type-post","status-publish","format-standard","hentry","category-actualite","category-tunisie"],"_links":{"self":[{"href":"https:\/\/linitiative.ca\/International\/wp-json\/wp\/v2\/posts\/140629","targetHints":{"allow":["GET"]}}],"collection":[{"href":"https:\/\/linitiative.ca\/International\/wp-json\/wp\/v2\/posts"}],"about":[{"href":"https:\/\/linitiative.ca\/International\/wp-json\/wp\/v2\/types\/post"}],"author":[{"embeddable":true,"href":"https:\/\/linitiative.ca\/International\/wp-json\/wp\/v2\/users\/1772"}],"replies":[{"embeddable":true,"href":"https:\/\/linitiative.ca\/International\/wp-json\/wp\/v2\/comments?post=140629"}],"version-history":[{"count":0,"href":"https:\/\/linitiative.ca\/International\/wp-json\/wp\/v2\/posts\/140629\/revisions"}],"wp:attachment":[{"href":"https:\/\/linitiative.ca\/International\/wp-json\/wp\/v2\/media?parent=140629"}],"wp:term":[{"taxonomy":"category","embeddable":true,"href":"https:\/\/linitiative.ca\/International\/wp-json\/wp\/v2\/categories?post=140629"},{"taxonomy":"post_tag","embeddable":true,"href":"https:\/\/linitiative.ca\/International\/wp-json\/wp\/v2\/tags?post=140629"}],"curies":[{"name":"wp","href":"https:\/\/api.w.org\/{rel}","templated":true}]}}