{"id":140631,"date":"2022-02-11T11:36:00","date_gmt":"2022-02-11T16:36:00","guid":{"rendered":"https:\/\/linitiative.ca\/International\/la-crise-energetique-symptome-dune-transition-ecologique-mal-preparee\/"},"modified":"2022-02-11T11:36:00","modified_gmt":"2022-02-11T16:36:00","slug":"la-crise-energetique-symptome-dune-transition-ecologique-mal-preparee","status":"publish","type":"post","link":"https:\/\/linitiative.ca\/International\/la-crise-energetique-symptome-dune-transition-ecologique-mal-preparee\/","title":{"rendered":"La crise \u00e9nerg\u00e9tique \u00absympt\u00f4me\u00bb d&rsquo;une transition \u00e9cologique mal pr\u00e9par\u00e9e"},"content":{"rendered":"<div><img decoding=\"async\" src=\"https:\/\/linitiative.ca\/International\/wp-content\/uploads\/sites\/23\/2022\/02\/1644602063_article.jpg\" alt=\"La crise \u00e9nerg\u00e9tique \u00absympt\u00f4me\u00bb d\" une transition mal pr align=\"left\">Par Pr Samir Allal<br \/>\nR\u00e9sum\u00e9: Depuis plusieurs mois, les prix de l\u2019\u00e9nergie flambent, laissant craindre des tensions g\u00e9opolitiques accrues. La crise actuelle traduit un manque d&rsquo;anticipation et l&rsquo;irresponsabilit\u00e9 des dirigeants en mati\u00e8re climatique.<br \/>\n1- Des d\u00e9fis complexes combin\u00e9s \u00e0 des menaces anciennes<br \/>\nLe monde se dirige-t-il vers une crise \u00e9nerg\u00e9tique durable ? Rentre-t-il dans une \u00e8re de changement \u00e9cologiques, de destructions sociales, de mutations irr\u00e9versibles et d\u2019incertitudes totales ?<br \/>\nEn quelques mois, le prix du gaz a connu une hausse record, entra\u00eenant dans son sillage celui de l&rsquo;\u00e9lectricit\u00e9 et poussant \u00e9galement \u00e0 la hausse le prix du charbon et du &#8230;<\/p>\n<\/div>\n<p>Auteur:<br \/>\n<a href=\"https:\/\/www.leaders.com.tn\/article\/32958-la-crise-energetique-symptome-d-une-transition-ecologique-mal-preparee\">Cliquez ici pour lire l&rsquo;article depuis sa source.<\/a><\/p>\n","protected":false},"excerpt":{"rendered":"<p>Par Pr Samir Allal R\u00e9sum\u00e9: Depuis plusieurs mois, les prix de l\u2019\u00e9nergie flambent, laissant craindre des tensions g\u00e9opolitiques accrues. La crise actuelle traduit un manque d&rsquo;anticipation et l&rsquo;irresponsabilit\u00e9 des dirigeants en mati\u00e8re climatique. 1- Des d\u00e9fis complexes combin\u00e9s \u00e0 des menaces anciennes Le monde se dirige-t-il vers une crise \u00e9nerg\u00e9tique durable ? Rentre-t-il dans une [&hellip;]<\/p>\n","protected":false},"author":1772,"featured_media":0,"comment_status":"closed","ping_status":"closed","sticky":false,"template":"","format":"standard","meta":{"fifu_image_url":"http:\/\/www.leaders.com.tn\/uploads\/content\/thumbnails_small\/1644602063_article.jpg","fifu_image_alt":"<div>La crise \u00e9nerg\u00e9tique \u00absympt\u00f4me\u00bb d'une transition \u00e9cologique mal pr\u00e9par\u00e9e<\/div>","footnotes":""},"categories":[73,55],"tags":[],"class_list":["post-140631","post","type-post","status-publish","format-standard","hentry","category-actualite","category-tunisie"],"_links":{"self":[{"href":"https:\/\/linitiative.ca\/International\/wp-json\/wp\/v2\/posts\/140631","targetHints":{"allow":["GET"]}}],"collection":[{"href":"https:\/\/linitiative.ca\/International\/wp-json\/wp\/v2\/posts"}],"about":[{"href":"https:\/\/linitiative.ca\/International\/wp-json\/wp\/v2\/types\/post"}],"author":[{"embeddable":true,"href":"https:\/\/linitiative.ca\/International\/wp-json\/wp\/v2\/users\/1772"}],"replies":[{"embeddable":true,"href":"https:\/\/linitiative.ca\/International\/wp-json\/wp\/v2\/comments?post=140631"}],"version-history":[{"count":0,"href":"https:\/\/linitiative.ca\/International\/wp-json\/wp\/v2\/posts\/140631\/revisions"}],"wp:attachment":[{"href":"https:\/\/linitiative.ca\/International\/wp-json\/wp\/v2\/media?parent=140631"}],"wp:term":[{"taxonomy":"category","embeddable":true,"href":"https:\/\/linitiative.ca\/International\/wp-json\/wp\/v2\/categories?post=140631"},{"taxonomy":"post_tag","embeddable":true,"href":"https:\/\/linitiative.ca\/International\/wp-json\/wp\/v2\/tags?post=140631"}],"curies":[{"name":"wp","href":"https:\/\/api.w.org\/{rel}","templated":true}]}}