{"id":140635,"date":"2022-02-11T10:17:30","date_gmt":"2022-02-11T15:17:30","guid":{"rendered":"https:\/\/linitiative.ca\/International\/hotellerie-le-marche-marocain-devrait-croitre-de-640-par-an-sur-la-periode-2022-2026-rapport\/"},"modified":"2022-02-11T10:17:30","modified_gmt":"2022-02-11T15:17:30","slug":"hotellerie-le-marche-marocain-devrait-croitre-de-640-par-an-sur-la-periode-2022-2026-rapport","status":"publish","type":"post","link":"https:\/\/linitiative.ca\/International\/hotellerie-le-marche-marocain-devrait-croitre-de-640-par-an-sur-la-periode-2022-2026-rapport\/","title":{"rendered":"H\u00f4tellerie. Le march\u00e9 marocain devrait cro\u00eetre de 6,40% par an sur la p\u00e9riode 2022-2026 [Rapport]"},"content":{"rendered":"<div><img decoding=\"async\" width=\"800\" height=\"532\" src=\"https:\/\/linitiative.ca\/International\/wp-content\/uploads\/sites\/23\/2022\/02\/emploi.jpg\" class=\"attachment-post-thumbnail size-post-thumbnail wp-post-image\" alt=\"\" loading=\"lazy\" srcset=\"https:\/\/linitiative.ca\/International\/wp-content\/uploads\/sites\/23\/2022\/02\/emploi.jpg 800w, https:\/\/www.challenge.ma\/wp-content\/uploads\/2020\/04\/emploi-300x200.jpg 300w, https:\/\/www.challenge.ma\/wp-content\/uploads\/2020\/04\/emploi-768x511.jpg 768w, https:\/\/www.challenge.ma\/wp-content\/uploads\/2020\/04\/emploi-360x239.jpg 360w, https:\/\/www.challenge.ma\/wp-content\/uploads\/2020\/04\/emploi-750x499.jpg 750w\" sizes=\"auto, (max-width: 800px) 100vw, 800px\" itemprop=\"image\">Alors que le professionnels du secteur touristique \u00a0marocain retrouvent le sourire, avec la r\u00e9ouverture des fronti\u00e8res a\u00e9riennes du royaume depuis le 7 f\u00e9vrier, cette nouvelle \u00e9tude du cabinet londonien Technavio sur les perspectives du secteur au Maroc devrait booster leur moral. Selon l\u2019\u00e9tude, qui porte notamment sur le march\u00e9 h\u00f4telier<\/div>\n<p>Auteur: challenge<br \/>\n<a href=\"https:\/\/www.challenge.ma\/hotellerie-le-marche-marocain-devrait-croitre-de-640-par-an-sur-la-periode-2022-2026-rapport-232488\/\">Cliquez ici pour lire l&rsquo;article depuis sa source.<\/a><\/p>\n","protected":false},"excerpt":{"rendered":"<p>Alors que le professionnels du secteur touristique \u00a0marocain retrouvent le sourire, avec la r\u00e9ouverture des fronti\u00e8res a\u00e9riennes du royaume depuis le 7 f\u00e9vrier, cette nouvelle \u00e9tude du cabinet londonien Technavio sur les perspectives du secteur au Maroc devrait booster leur moral. Selon l\u2019\u00e9tude, qui porte notamment sur le march\u00e9 h\u00f4telier Auteur: challenge Cliquez ici pour [&hellip;]<\/p>\n","protected":false},"author":1787,"featured_media":0,"comment_status":"closed","ping_status":"closed","sticky":false,"template":"","format":"standard","meta":{"fifu_image_url":"https:\/\/www.challenge.ma\/wp-content\/uploads\/2020\/04\/emploi.jpg","fifu_image_alt":"H\u00f4tellerie. Le march\u00e9 marocain devrait cro\u00eetre de 6,40% par an sur la p\u00e9riode 2022-2026 [Rapport]","footnotes":""},"categories":[78,54],"tags":[],"class_list":["post-140635","post","type-post","status-publish","format-standard","hentry","category-economie","category-maroc"],"_links":{"self":[{"href":"https:\/\/linitiative.ca\/International\/wp-json\/wp\/v2\/posts\/140635","targetHints":{"allow":["GET"]}}],"collection":[{"href":"https:\/\/linitiative.ca\/International\/wp-json\/wp\/v2\/posts"}],"about":[{"href":"https:\/\/linitiative.ca\/International\/wp-json\/wp\/v2\/types\/post"}],"author":[{"embeddable":true,"href":"https:\/\/linitiative.ca\/International\/wp-json\/wp\/v2\/users\/1787"}],"replies":[{"embeddable":true,"href":"https:\/\/linitiative.ca\/International\/wp-json\/wp\/v2\/comments?post=140635"}],"version-history":[{"count":0,"href":"https:\/\/linitiative.ca\/International\/wp-json\/wp\/v2\/posts\/140635\/revisions"}],"wp:attachment":[{"href":"https:\/\/linitiative.ca\/International\/wp-json\/wp\/v2\/media?parent=140635"}],"wp:term":[{"taxonomy":"category","embeddable":true,"href":"https:\/\/linitiative.ca\/International\/wp-json\/wp\/v2\/categories?post=140635"},{"taxonomy":"post_tag","embeddable":true,"href":"https:\/\/linitiative.ca\/International\/wp-json\/wp\/v2\/tags?post=140635"}],"curies":[{"name":"wp","href":"https:\/\/api.w.org\/{rel}","templated":true}]}}