{"id":140639,"date":"2022-02-11T11:42:18","date_gmt":"2022-02-11T16:42:18","guid":{"rendered":"https:\/\/linitiative.ca\/International\/souss-massa-horizon-press-lance-sa-caravane-des-regions-video\/"},"modified":"2022-02-11T11:42:18","modified_gmt":"2022-02-11T16:42:18","slug":"souss-massa-horizon-press-lance-sa-caravane-des-regions-video","status":"publish","type":"post","link":"https:\/\/linitiative.ca\/International\/souss-massa-horizon-press-lance-sa-caravane-des-regions-video\/","title":{"rendered":"Souss-Massa. Horizon Press lance sa Caravane des r\u00e9gions [Vid\u00e9o]"},"content":{"rendered":"<div><img decoding=\"async\" width=\"880\" height=\"532\" src=\"https:\/\/linitiative.ca\/International\/wp-content\/uploads\/sites\/23\/2022\/02\/Table-Ronde-1.jpg\" class=\"attachment-post-thumbnail size-post-thumbnail wp-post-image\" alt=\"\" loading=\"lazy\" srcset=\"https:\/\/linitiative.ca\/International\/wp-content\/uploads\/sites\/23\/2022\/02\/Table-Ronde-1.jpg 880w, https:\/\/www.challenge.ma\/wp-content\/uploads\/2022\/02\/Table-Ronde-1-300x181.jpg 300w, https:\/\/www.challenge.ma\/wp-content\/uploads\/2022\/02\/Table-Ronde-1-768x464.jpg 768w, https:\/\/www.challenge.ma\/wp-content\/uploads\/2022\/02\/Table-Ronde-1-360x218.jpg 360w, https:\/\/www.challenge.ma\/wp-content\/uploads\/2022\/02\/Table-Ronde-1-750x453.jpg 750w\" sizes=\"auto, (max-width: 880px) 100vw, 880px\" itemprop=\"image\">Fort du succ\u00e8s d\u2019une premi\u00e8re \u00e9dition r\u00e9ussie de sa Caravane des r\u00e9gions et qui avait \u00e9t\u00e9 couronn\u00e9e par l\u2019\u00e9dition du Livre Blanc de la r\u00e9gionalisation, Horizon Press Group est revenu cette ann\u00e9e avec un nouveau format et une nouvelle th\u00e9matique. Afin de d\u00e9crypter ce chantier national qu\u2019est l\u2019impl\u00e9mentation du Nouveau<\/div>\n<p>Auteur: challenge<br \/>\n<a href=\"https:\/\/www.challenge.ma\/souss-massa-horizon-press-lance-sa-caravane-des-regions-video-232510\/\">Cliquez ici pour lire l&rsquo;article depuis sa source.<\/a><\/p>\n","protected":false},"excerpt":{"rendered":"<p>Fort du succ\u00e8s d\u2019une premi\u00e8re \u00e9dition r\u00e9ussie de sa Caravane des r\u00e9gions et qui avait \u00e9t\u00e9 couronn\u00e9e par l\u2019\u00e9dition du Livre Blanc de la r\u00e9gionalisation, Horizon Press Group est revenu cette ann\u00e9e avec un nouveau format et une nouvelle th\u00e9matique. Afin de d\u00e9crypter ce chantier national qu\u2019est l\u2019impl\u00e9mentation du Nouveau Auteur: challenge Cliquez ici pour [&hellip;]<\/p>\n","protected":false},"author":1787,"featured_media":0,"comment_status":"closed","ping_status":"closed","sticky":false,"template":"","format":"standard","meta":{"fifu_image_url":"https:\/\/www.challenge.ma\/wp-content\/uploads\/2022\/02\/Table-Ronde-1.jpg","fifu_image_alt":"Souss-Massa. Horizon Press lance sa Caravane des r\u00e9gions [Vid\u00e9o]","footnotes":""},"categories":[78,54],"tags":[],"class_list":["post-140639","post","type-post","status-publish","format-standard","hentry","category-economie","category-maroc"],"_links":{"self":[{"href":"https:\/\/linitiative.ca\/International\/wp-json\/wp\/v2\/posts\/140639","targetHints":{"allow":["GET"]}}],"collection":[{"href":"https:\/\/linitiative.ca\/International\/wp-json\/wp\/v2\/posts"}],"about":[{"href":"https:\/\/linitiative.ca\/International\/wp-json\/wp\/v2\/types\/post"}],"author":[{"embeddable":true,"href":"https:\/\/linitiative.ca\/International\/wp-json\/wp\/v2\/users\/1787"}],"replies":[{"embeddable":true,"href":"https:\/\/linitiative.ca\/International\/wp-json\/wp\/v2\/comments?post=140639"}],"version-history":[{"count":0,"href":"https:\/\/linitiative.ca\/International\/wp-json\/wp\/v2\/posts\/140639\/revisions"}],"wp:attachment":[{"href":"https:\/\/linitiative.ca\/International\/wp-json\/wp\/v2\/media?parent=140639"}],"wp:term":[{"taxonomy":"category","embeddable":true,"href":"https:\/\/linitiative.ca\/International\/wp-json\/wp\/v2\/categories?post=140639"},{"taxonomy":"post_tag","embeddable":true,"href":"https:\/\/linitiative.ca\/International\/wp-json\/wp\/v2\/tags?post=140639"}],"curies":[{"name":"wp","href":"https:\/\/api.w.org\/{rel}","templated":true}]}}