{"id":140643,"date":"2022-02-11T15:47:58","date_gmt":"2022-02-11T20:47:58","guid":{"rendered":"https:\/\/linitiative.ca\/International\/cr-belouizdad-carlos-paqueta-satisfait-de-la-performance-malgre-le-nul\/"},"modified":"2022-02-11T15:47:58","modified_gmt":"2022-02-11T20:47:58","slug":"cr-belouizdad-carlos-paqueta-satisfait-de-la-performance-malgre-le-nul","status":"publish","type":"post","link":"https:\/\/linitiative.ca\/International\/cr-belouizdad-carlos-paqueta-satisfait-de-la-performance-malgre-le-nul\/","title":{"rendered":"CR Belouizdad : Carlos Paqueta satisfait de la performance malgr\u00e9 le nul"},"content":{"rendered":"<div>\n<p>Lors de la conf\u00e9rence de presse d\u2019apr\u00e8s match contre l\u2019Etoile du Sahel, le coach br\u00e9silien du CR Belouizdad Carlos Paqueta, a affirm\u00e9 que son \u00e9quipe avait r\u00e9alis\u00e9 un bon match malgr\u00e9 le match nul (0-0). Paqueta a d\u00e9clar\u00e9 : \u201cJe suis content de ce que mon \u00e9quipe a fait aujourd\u2019hui, m\u00eame si nous avons rat\u00e9 [\u2026]<\/p>\n<p>L\u2019article <a href=\"https:\/\/sport.tunisienumerique.com\/cr-belouizdad-carlos-paqueta-satisfait-de-la-performance-malgre-le-nul\/\">CR Belouizdad : Carlos Paqueta satisfait de la performance malgr\u00e9 le nul<\/a> est apparu en premier sur <a href=\"https:\/\/www.tunisienumerique.com\/\">Tunisie<\/a>.<\/p>\n<\/div>\n<p>Auteur: Hamza Ben Khlifa<br \/>\n<a href=\"https:\/\/sport.tunisienumerique.com\/cr-belouizdad-carlos-paqueta-satisfait-de-la-performance-malgre-le-nul\/\">Cliquez ici pour lire l&rsquo;article depuis sa source.<\/a><\/p>\n","protected":false},"excerpt":{"rendered":"<p>Lors de la conf\u00e9rence de presse d\u2019apr\u00e8s match contre l\u2019Etoile du Sahel, le coach br\u00e9silien du CR Belouizdad Carlos Paqueta, a affirm\u00e9 que son \u00e9quipe avait r\u00e9alis\u00e9 un bon match malgr\u00e9 le match nul (0-0). Paqueta a d\u00e9clar\u00e9 : \u201cJe suis content de ce que mon \u00e9quipe a fait aujourd\u2019hui, m\u00eame si nous avons rat\u00e9 [&hellip;]<\/p>\n","protected":false},"author":1789,"featured_media":0,"comment_status":"closed","ping_status":"closed","sticky":false,"template":"","format":"standard","meta":{"fifu_image_url":"","fifu_image_alt":"","footnotes":""},"categories":[73,55],"tags":[],"class_list":["post-140643","post","type-post","status-publish","format-standard","hentry","category-actualite","category-tunisie"],"_links":{"self":[{"href":"https:\/\/linitiative.ca\/International\/wp-json\/wp\/v2\/posts\/140643","targetHints":{"allow":["GET"]}}],"collection":[{"href":"https:\/\/linitiative.ca\/International\/wp-json\/wp\/v2\/posts"}],"about":[{"href":"https:\/\/linitiative.ca\/International\/wp-json\/wp\/v2\/types\/post"}],"author":[{"embeddable":true,"href":"https:\/\/linitiative.ca\/International\/wp-json\/wp\/v2\/users\/1789"}],"replies":[{"embeddable":true,"href":"https:\/\/linitiative.ca\/International\/wp-json\/wp\/v2\/comments?post=140643"}],"version-history":[{"count":0,"href":"https:\/\/linitiative.ca\/International\/wp-json\/wp\/v2\/posts\/140643\/revisions"}],"wp:attachment":[{"href":"https:\/\/linitiative.ca\/International\/wp-json\/wp\/v2\/media?parent=140643"}],"wp:term":[{"taxonomy":"category","embeddable":true,"href":"https:\/\/linitiative.ca\/International\/wp-json\/wp\/v2\/categories?post=140643"},{"taxonomy":"post_tag","embeddable":true,"href":"https:\/\/linitiative.ca\/International\/wp-json\/wp\/v2\/tags?post=140643"}],"curies":[{"name":"wp","href":"https:\/\/api.w.org\/{rel}","templated":true}]}}