{"id":140646,"date":"2022-02-11T16:16:35","date_gmt":"2022-02-11T21:16:35","guid":{"rendered":"https:\/\/linitiative.ca\/International\/tunisie-ministere-de-leducation-maintien-du-calendrier-de-lannee-scolaire\/"},"modified":"2022-02-11T16:16:35","modified_gmt":"2022-02-11T21:16:35","slug":"tunisie-ministere-de-leducation-maintien-du-calendrier-de-lannee-scolaire","status":"publish","type":"post","link":"https:\/\/linitiative.ca\/International\/tunisie-ministere-de-leducation-maintien-du-calendrier-de-lannee-scolaire\/","title":{"rendered":"Tunisie-Minist\u00e8re de l\u2019\u00c9ducation : Maintien du calendrier de l\u2019ann\u00e9e scolaire"},"content":{"rendered":"<div>\n<p>Le minist\u00e8re de l\u2019Education a annonc\u00e9 dans un communiqu\u00e9 publi\u00e9 ce vendredi 11 f\u00e9vrier 2022, qu\u2019il ne compte pas modifier le calendrier de l\u2019ann\u00e9e scolaire 2021-2022, soulignant que l\u2019\u00e9volution de la situation sanitaire dans les \u00e9tablissements scolaires fait l\u2019objet d\u2019un suivi quotidien. Le minist\u00e8re a confirm\u00e9 l\u2019adoption de la circulaire n\u00b0 68 du 8 novembre [\u2026]<\/p>\n<p>L\u2019article <a href=\"https:\/\/www.tunisienumerique.com\/tunisie-ministere-de-leducation-maintien-du-calendrier-de-lannee-scolaire\/\">Tunisie-Minist\u00e8re de l\u2019\u00c9ducation : Maintien du calendrier de l\u2019ann\u00e9e scolaire<\/a> est apparu en premier sur <a href=\"https:\/\/www.tunisienumerique.com\/\">Tunisie<\/a>.<\/p>\n<\/div>\n<p>Auteur: rania ben slimane<br \/>\n<a href=\"https:\/\/www.tunisienumerique.com\/tunisie-ministere-de-leducation-maintien-du-calendrier-de-lannee-scolaire\/\">Cliquez ici pour lire l&rsquo;article depuis sa source.<\/a><\/p>\n","protected":false},"excerpt":{"rendered":"<p>Le minist\u00e8re de l\u2019Education a annonc\u00e9 dans un communiqu\u00e9 publi\u00e9 ce vendredi 11 f\u00e9vrier 2022, qu\u2019il ne compte pas modifier le calendrier de l\u2019ann\u00e9e scolaire 2021-2022, soulignant que l\u2019\u00e9volution de la situation sanitaire dans les \u00e9tablissements scolaires fait l\u2019objet d\u2019un suivi quotidien. Le minist\u00e8re a confirm\u00e9 l\u2019adoption de la circulaire n\u00b0 68 du 8 novembre [&hellip;]<\/p>\n","protected":false},"author":1789,"featured_media":0,"comment_status":"closed","ping_status":"closed","sticky":false,"template":"","format":"standard","meta":{"fifu_image_url":"","fifu_image_alt":"","footnotes":""},"categories":[73,55],"tags":[],"class_list":["post-140646","post","type-post","status-publish","format-standard","hentry","category-actualite","category-tunisie"],"_links":{"self":[{"href":"https:\/\/linitiative.ca\/International\/wp-json\/wp\/v2\/posts\/140646","targetHints":{"allow":["GET"]}}],"collection":[{"href":"https:\/\/linitiative.ca\/International\/wp-json\/wp\/v2\/posts"}],"about":[{"href":"https:\/\/linitiative.ca\/International\/wp-json\/wp\/v2\/types\/post"}],"author":[{"embeddable":true,"href":"https:\/\/linitiative.ca\/International\/wp-json\/wp\/v2\/users\/1789"}],"replies":[{"embeddable":true,"href":"https:\/\/linitiative.ca\/International\/wp-json\/wp\/v2\/comments?post=140646"}],"version-history":[{"count":0,"href":"https:\/\/linitiative.ca\/International\/wp-json\/wp\/v2\/posts\/140646\/revisions"}],"wp:attachment":[{"href":"https:\/\/linitiative.ca\/International\/wp-json\/wp\/v2\/media?parent=140646"}],"wp:term":[{"taxonomy":"category","embeddable":true,"href":"https:\/\/linitiative.ca\/International\/wp-json\/wp\/v2\/categories?post=140646"},{"taxonomy":"post_tag","embeddable":true,"href":"https:\/\/linitiative.ca\/International\/wp-json\/wp\/v2\/tags?post=140646"}],"curies":[{"name":"wp","href":"https:\/\/api.w.org\/{rel}","templated":true}]}}