{"id":140647,"date":"2022-02-11T16:33:43","date_gmt":"2022-02-11T21:33:43","guid":{"rendered":"https:\/\/linitiative.ca\/International\/ue-josep-borrell-video-lunion-europeenne-pourrait-suspendre-laide-financiere-a-la-tunisie\/"},"modified":"2022-02-11T16:33:43","modified_gmt":"2022-02-11T21:33:43","slug":"ue-josep-borrell-video-lunion-europeenne-pourrait-suspendre-laide-financiere-a-la-tunisie","status":"publish","type":"post","link":"https:\/\/linitiative.ca\/International\/ue-josep-borrell-video-lunion-europeenne-pourrait-suspendre-laide-financiere-a-la-tunisie\/","title":{"rendered":"UE-Josep Borrell [VIDEO]: \u00ab L\u2019Union europ\u00e9enne pourrait suspendre l\u2019aide financi\u00e8re \u00e0 la Tunisie \u00bb"},"content":{"rendered":"<div>\n<p>Le chef de la politique \u00e9trang\u00e8re de l\u2019Union europ\u00e9enne, Josep Borrell, a affirm\u00e9 lors de sa pr\u00e9sence dans une \u00e9mission politique diffus\u00e9e sur TV5 Monde, aujourd\u2019hui 11 f\u00e9vrier 2022, son espoir que la Tunisie revienne sur la voie d\u00e9mocratique, indiquant son inqui\u00e9tude face aux r\u00e9cents \u00e9v\u00e9nements en Tunisie, faisant r\u00e9f\u00e9rence \u00e0 la dissolution du Conseil [\u2026]<\/p>\n<p>L\u2019article <a href=\"https:\/\/www.tunisienumerique.com\/ue-josep-borrell-video-lunion-europeenne-pourrait-suspendre-laide-financiere-a-la-tunisie\/\">UE-Josep Borrell [VIDEO]: \u00ab L\u2019Union europ\u00e9enne pourrait suspendre l\u2019aide financi\u00e8re \u00e0 la Tunisie \u00bb<\/a> est apparu en premier sur <a href=\"https:\/\/www.tunisienumerique.com\/\">Tunisie<\/a>.<\/p>\n<\/div>\n<p>Auteur: rania ben slimane<br \/>\n<a href=\"https:\/\/www.tunisienumerique.com\/ue-josep-borrell-video-lunion-europeenne-pourrait-suspendre-laide-financiere-a-la-tunisie\/\">Cliquez ici pour lire l&rsquo;article depuis sa source.<\/a><\/p>\n","protected":false},"excerpt":{"rendered":"<p>Le chef de la politique \u00e9trang\u00e8re de l\u2019Union europ\u00e9enne, Josep Borrell, a affirm\u00e9 lors de sa pr\u00e9sence dans une \u00e9mission politique diffus\u00e9e sur TV5 Monde, aujourd\u2019hui 11 f\u00e9vrier 2022, son espoir que la Tunisie revienne sur la voie d\u00e9mocratique, indiquant son inqui\u00e9tude face aux r\u00e9cents \u00e9v\u00e9nements en Tunisie, faisant r\u00e9f\u00e9rence \u00e0 la dissolution du Conseil [&hellip;]<\/p>\n","protected":false},"author":1789,"featured_media":0,"comment_status":"closed","ping_status":"closed","sticky":false,"template":"","format":"standard","meta":{"fifu_image_url":"","fifu_image_alt":"","footnotes":""},"categories":[73,55],"tags":[],"class_list":["post-140647","post","type-post","status-publish","format-standard","hentry","category-actualite","category-tunisie"],"_links":{"self":[{"href":"https:\/\/linitiative.ca\/International\/wp-json\/wp\/v2\/posts\/140647","targetHints":{"allow":["GET"]}}],"collection":[{"href":"https:\/\/linitiative.ca\/International\/wp-json\/wp\/v2\/posts"}],"about":[{"href":"https:\/\/linitiative.ca\/International\/wp-json\/wp\/v2\/types\/post"}],"author":[{"embeddable":true,"href":"https:\/\/linitiative.ca\/International\/wp-json\/wp\/v2\/users\/1789"}],"replies":[{"embeddable":true,"href":"https:\/\/linitiative.ca\/International\/wp-json\/wp\/v2\/comments?post=140647"}],"version-history":[{"count":0,"href":"https:\/\/linitiative.ca\/International\/wp-json\/wp\/v2\/posts\/140647\/revisions"}],"wp:attachment":[{"href":"https:\/\/linitiative.ca\/International\/wp-json\/wp\/v2\/media?parent=140647"}],"wp:term":[{"taxonomy":"category","embeddable":true,"href":"https:\/\/linitiative.ca\/International\/wp-json\/wp\/v2\/categories?post=140647"},{"taxonomy":"post_tag","embeddable":true,"href":"https:\/\/linitiative.ca\/International\/wp-json\/wp\/v2\/tags?post=140647"}],"curies":[{"name":"wp","href":"https:\/\/api.w.org\/{rel}","templated":true}]}}