{"id":140649,"date":"2022-02-11T07:35:11","date_gmt":"2022-02-11T12:35:11","guid":{"rendered":"https:\/\/linitiative.ca\/International\/sante-le-co-decouvreur-du-vih-luc-montagnier-decede-a-89-ans\/"},"modified":"2022-02-11T07:35:11","modified_gmt":"2022-02-11T12:35:11","slug":"sante-le-co-decouvreur-du-vih-luc-montagnier-decede-a-89-ans","status":"publish","type":"post","link":"https:\/\/linitiative.ca\/International\/sante-le-co-decouvreur-du-vih-luc-montagnier-decede-a-89-ans\/","title":{"rendered":"Sant\u00e9 : Le co-d\u00e9couvreur du VIH, Luc Montagnier, d\u00e9c\u00e9d\u00e9 \u00e0 89 ans"},"content":{"rendered":"<div>\n<p>L\u2019une des sommit\u00e9s de la recherche, le professeur Luc Montagnier, est d\u00e9c\u00e9d\u00e9 le mardi 8 f\u00e9vrier \u00e0 l\u2019h\u00f4pital am\u00e9ricain de Paris \u00e0 l\u2019\u00e2ge de 89 ans.<\/p>\n<p>Le virologue Montagnier est devenu c\u00e9l\u00e8bre gr\u00e2ce \u00e0 sa co-d\u00e9couverte du VIH aux c\u00f4t\u00e9s du professeur Fran\u00e7oise Barr\u00e9-Snoussi. Ce qui lui a valu d\u2019\u00eatre d\u00e9sign\u00e9 prix Nobel de m\u00e9decine en 2008.<\/p>\n<p>Dans un communiqu\u00e9, le pr\u00e9sident fran\u00e7ais Emmanuel Macron a salu\u00e9 \u00ab\u00a0la contribution majeure de Luc Montagnier \u00e0 la lutte contre le sida, qui reste l\u2019un des grands d\u00e9fis m\u00e9dicaux et scientifiques du XXIe si\u00e8cle\u00a0\u00bb.<\/p>\n<p><strong>Source\u00a0: AFP<\/strong><\/p>\n<p><strong>La R\u00e9daction<\/strong><\/p>\n<p>L\u2019article <a rel=\"nofollow\" href=\"https:\/\/www.sidwaya.info\/blog\/2022\/02\/11\/sante-le-co-decouvreur-du-vih-luc-montagnier-decede-a-89-ans\/\">Sant\u00e9 : Le co-d\u00e9couvreur du VIH, Luc Montagnier, d\u00e9c\u00e9d\u00e9 \u00e0 89 ans<\/a> est apparu en premier sur <a rel=\"nofollow\" href=\"https:\/\/www.sidwaya.info\/\">Quotidien Sidwaya<\/a>.<\/p>\n<\/div>\n<p>Auteur: Wamini SIDWAYA<br \/>\n<a href=\"https:\/\/www.sidwaya.info\/blog\/2022\/02\/11\/sante-le-co-decouvreur-du-vih-luc-montagnier-decede-a-89-ans\/?utm_source=rss&#038;utm_medium=rss&#038;utm_campaign=sante-le-co-decouvreur-du-vih-luc-montagnier-decede-a-89-ans\">Cliquez ici pour lire l&rsquo;article depuis sa source.<\/a><\/p>\n","protected":false},"excerpt":{"rendered":"<p>L\u2019une des sommit\u00e9s de la recherche, le professeur Luc Montagnier, est d\u00e9c\u00e9d\u00e9 le mardi 8 f\u00e9vrier \u00e0 l\u2019h\u00f4pital am\u00e9ricain de Paris \u00e0 l\u2019\u00e2ge de 89 ans. Le virologue Montagnier est devenu c\u00e9l\u00e8bre gr\u00e2ce \u00e0 sa co-d\u00e9couverte du VIH aux c\u00f4t\u00e9s du professeur Fran\u00e7oise Barr\u00e9-Snoussi. Ce qui lui a valu d\u2019\u00eatre d\u00e9sign\u00e9 prix Nobel de m\u00e9decine [&hellip;]<\/p>\n","protected":false},"author":1816,"featured_media":0,"comment_status":"closed","ping_status":"closed","sticky":false,"template":"","format":"standard","meta":{"fifu_image_url":"","fifu_image_alt":"","footnotes":""},"categories":[73,81],"tags":[],"class_list":["post-140649","post","type-post","status-publish","format-standard","hentry","category-actualite","category-burkina-faso"],"_links":{"self":[{"href":"https:\/\/linitiative.ca\/International\/wp-json\/wp\/v2\/posts\/140649","targetHints":{"allow":["GET"]}}],"collection":[{"href":"https:\/\/linitiative.ca\/International\/wp-json\/wp\/v2\/posts"}],"about":[{"href":"https:\/\/linitiative.ca\/International\/wp-json\/wp\/v2\/types\/post"}],"author":[{"embeddable":true,"href":"https:\/\/linitiative.ca\/International\/wp-json\/wp\/v2\/users\/1816"}],"replies":[{"embeddable":true,"href":"https:\/\/linitiative.ca\/International\/wp-json\/wp\/v2\/comments?post=140649"}],"version-history":[{"count":0,"href":"https:\/\/linitiative.ca\/International\/wp-json\/wp\/v2\/posts\/140649\/revisions"}],"wp:attachment":[{"href":"https:\/\/linitiative.ca\/International\/wp-json\/wp\/v2\/media?parent=140649"}],"wp:term":[{"taxonomy":"category","embeddable":true,"href":"https:\/\/linitiative.ca\/International\/wp-json\/wp\/v2\/categories?post=140649"},{"taxonomy":"post_tag","embeddable":true,"href":"https:\/\/linitiative.ca\/International\/wp-json\/wp\/v2\/tags?post=140649"}],"curies":[{"name":"wp","href":"https:\/\/api.w.org\/{rel}","templated":true}]}}