{"id":140650,"date":"2022-02-11T08:06:46","date_gmt":"2022-02-11T13:06:46","guid":{"rendered":"https:\/\/linitiative.ca\/International\/attaques-dans-le-nord-du-benin-un-nouveau-bilan-annonce-9-morts\/"},"modified":"2022-02-11T08:06:46","modified_gmt":"2022-02-11T13:06:46","slug":"attaques-dans-le-nord-du-benin-un-nouveau-bilan-annonce-9-morts","status":"publish","type":"post","link":"https:\/\/linitiative.ca\/International\/attaques-dans-le-nord-du-benin-un-nouveau-bilan-annonce-9-morts\/","title":{"rendered":"Attaques dans le nord du B\u00e9nin : un nouveau bilan annonce 9 morts"},"content":{"rendered":"<div>\n<p>Partie d\u00e9busquer mardi 08 f\u00e9vrier 2022, des braconniers \u00ab\u00a0une patrouille de gardes forestiers d\u2019African Parks Network (APN) est tomb\u00e9e sur un engin explosif improvis\u00e9 ainsi qu\u2019une deuxi\u00e8me patrouille dans les m\u00eames circonstances\u00a0\u00bb, selon un communiqu\u00e9 des autorit\u00e9s b\u00e9ninoises.<\/p>\n<p>Ces attaques \u00e0 la bombe artisanale ont endeuill\u00e9 le Benin, \u00a0faisant, selon un nouveau bilan du gouvernement cit\u00e9 par nos confr\u00e8res de sudouest, 9 morts dont un Fran\u00e7ais, et 12 bless\u00e9s. Les victimes sont des membres des \u00e9quipes charg\u00e9es de s\u00e9curiser le parc naturel W dans le nord du B\u00e9nin. Ces attaques sont les plus meurtri\u00e8res jamais enregistr\u00e9es par le B\u00e9nin.<\/p>\n<p><strong>La R\u00e9daction<\/strong><\/p>\n<p>\u00a0<\/p>\n<p>L\u2019article <a rel=\"nofollow\" href=\"https:\/\/www.sidwaya.info\/blog\/2022\/02\/11\/attaques-dans-le-nord-du-benin-un-nouveau-bilan-annonce-9-morts\/\">Attaques dans le nord du B\u00e9nin : un nouveau bilan annonce 9 morts<\/a> est apparu en premier sur <a rel=\"nofollow\" href=\"https:\/\/www.sidwaya.info\/\">Quotidien Sidwaya<\/a>.<\/p>\n<\/div>\n<p>Auteur: Wamini SIDWAYA<br \/>\n<a href=\"https:\/\/www.sidwaya.info\/blog\/2022\/02\/11\/attaques-dans-le-nord-du-benin-un-nouveau-bilan-annonce-9-morts\/?utm_source=rss&#038;utm_medium=rss&#038;utm_campaign=attaques-dans-le-nord-du-benin-un-nouveau-bilan-annonce-9-morts\">Cliquez ici pour lire l&rsquo;article depuis sa source.<\/a><\/p>\n","protected":false},"excerpt":{"rendered":"<p>Partie d\u00e9busquer mardi 08 f\u00e9vrier 2022, des braconniers \u00ab\u00a0une patrouille de gardes forestiers d\u2019African Parks Network (APN) est tomb\u00e9e sur un engin explosif improvis\u00e9 ainsi qu\u2019une deuxi\u00e8me patrouille dans les m\u00eames circonstances\u00a0\u00bb, selon un communiqu\u00e9 des autorit\u00e9s b\u00e9ninoises. Ces attaques \u00e0 la bombe artisanale ont endeuill\u00e9 le Benin, \u00a0faisant, selon un nouveau bilan du gouvernement [&hellip;]<\/p>\n","protected":false},"author":1816,"featured_media":0,"comment_status":"closed","ping_status":"closed","sticky":false,"template":"","format":"standard","meta":{"fifu_image_url":"","fifu_image_alt":"","footnotes":""},"categories":[73,81],"tags":[],"class_list":["post-140650","post","type-post","status-publish","format-standard","hentry","category-actualite","category-burkina-faso"],"_links":{"self":[{"href":"https:\/\/linitiative.ca\/International\/wp-json\/wp\/v2\/posts\/140650","targetHints":{"allow":["GET"]}}],"collection":[{"href":"https:\/\/linitiative.ca\/International\/wp-json\/wp\/v2\/posts"}],"about":[{"href":"https:\/\/linitiative.ca\/International\/wp-json\/wp\/v2\/types\/post"}],"author":[{"embeddable":true,"href":"https:\/\/linitiative.ca\/International\/wp-json\/wp\/v2\/users\/1816"}],"replies":[{"embeddable":true,"href":"https:\/\/linitiative.ca\/International\/wp-json\/wp\/v2\/comments?post=140650"}],"version-history":[{"count":0,"href":"https:\/\/linitiative.ca\/International\/wp-json\/wp\/v2\/posts\/140650\/revisions"}],"wp:attachment":[{"href":"https:\/\/linitiative.ca\/International\/wp-json\/wp\/v2\/media?parent=140650"}],"wp:term":[{"taxonomy":"category","embeddable":true,"href":"https:\/\/linitiative.ca\/International\/wp-json\/wp\/v2\/categories?post=140650"},{"taxonomy":"post_tag","embeddable":true,"href":"https:\/\/linitiative.ca\/International\/wp-json\/wp\/v2\/tags?post=140650"}],"curies":[{"name":"wp","href":"https:\/\/api.w.org\/{rel}","templated":true}]}}