{"id":140651,"date":"2022-02-11T09:40:38","date_gmt":"2022-02-11T14:40:38","guid":{"rendered":"https:\/\/linitiative.ca\/International\/gourma-est-le-petit-seminaire-saint-kisito-de-bougui-mis-a-feu-un-vehicule-emporte\/"},"modified":"2022-02-11T09:40:38","modified_gmt":"2022-02-11T14:40:38","slug":"gourma-est-le-petit-seminaire-saint-kisito-de-bougui-mis-a-feu-un-vehicule-emporte","status":"publish","type":"post","link":"https:\/\/linitiative.ca\/International\/gourma-est-le-petit-seminaire-saint-kisito-de-bougui-mis-a-feu-un-vehicule-emporte\/","title":{"rendered":"Gourma (Est): le petit s\u00e9minaire Saint Kisito de Bougui mis \u00e0 feu, un v\u00e9hicule emport\u00e9."},"content":{"rendered":"<div>\n<p>Les locaux du petit s\u00e9minaire Saint Kisito de Bougui ont \u00e9t\u00e9 incendi\u00e9s par des individus arm\u00e9s, dans la nuit du jeudi 10 \u00e0 vendredi 11 f\u00e9vrier 2022 ont indiqu\u00e9 plusieurs sources proches de l\u2019Eglise catholique. Les m\u00eames sources ont pr\u00e9cis\u00e9 que deux dortoirs et une salle de classe ont \u00e9t\u00e9 consum\u00e9s par les flammes.<\/p>\n<p>Fort heureusement il n\u2019y a pas eu de pertes de vies humaines. Quand les hommes arm\u00e9s non identifi\u00e9s ont d\u00e9barqu\u00e9, le personnel de l\u2019\u00e9tablissement s\u2019est dispers\u00e9. Ce matin, \u00e0 en croire nos interlocuteurs, tout le personnel a \u00e9t\u00e9 retrouv\u00e9.<\/p>\n<p>En outre, un v\u00e9hicule appartenant \u00e0 un \u00a0pr\u00eate \u00a0formateur a \u00e9t\u00e9 emport\u00e9. L\u2019on rappelle que Bougui est situ\u00e9 \u00e0 environ 10 kilom\u00e8tres de Fada N\u2019Gourma.<\/p>\n<p>J.S<\/p>\n<p>L\u2019article <a rel=\"nofollow\" href=\"https:\/\/www.sidwaya.info\/blog\/2022\/02\/11\/gourma-est-le-petit-seminaire-saint-kisito-de-bougui-mis-a-feu-un-vehicule-emporte\/\">Gourma (Est): le petit s\u00e9minaire Saint Kisito de Bougui mis \u00e0 feu, un v\u00e9hicule emport\u00e9.<\/a> est apparu en premier sur <a rel=\"nofollow\" href=\"https:\/\/www.sidwaya.info\/\">Quotidien Sidwaya<\/a>.<\/p>\n<\/div>\n<p>Auteur: BS. Sidwaya<br \/>\n<a href=\"https:\/\/www.sidwaya.info\/blog\/2022\/02\/11\/gourma-est-le-petit-seminaire-saint-kisito-de-bougui-mis-a-feu-un-vehicule-emporte\/?utm_source=rss&#038;utm_medium=rss&#038;utm_campaign=gourma-est-le-petit-seminaire-saint-kisito-de-bougui-mis-a-feu-un-vehicule-emporte\">Cliquez ici pour lire l&rsquo;article depuis sa source.<\/a><\/p>\n","protected":false},"excerpt":{"rendered":"<p>Les locaux du petit s\u00e9minaire Saint Kisito de Bougui ont \u00e9t\u00e9 incendi\u00e9s par des individus arm\u00e9s, dans la nuit du jeudi 10 \u00e0 vendredi 11 f\u00e9vrier 2022 ont indiqu\u00e9 plusieurs sources proches de l\u2019Eglise catholique. Les m\u00eames sources ont pr\u00e9cis\u00e9 que deux dortoirs et une salle de classe ont \u00e9t\u00e9 consum\u00e9s par les flammes. Fort [&hellip;]<\/p>\n","protected":false},"author":1816,"featured_media":0,"comment_status":"closed","ping_status":"closed","sticky":false,"template":"","format":"standard","meta":{"fifu_image_url":"","fifu_image_alt":"","footnotes":""},"categories":[73,81],"tags":[],"class_list":["post-140651","post","type-post","status-publish","format-standard","hentry","category-actualite","category-burkina-faso"],"_links":{"self":[{"href":"https:\/\/linitiative.ca\/International\/wp-json\/wp\/v2\/posts\/140651","targetHints":{"allow":["GET"]}}],"collection":[{"href":"https:\/\/linitiative.ca\/International\/wp-json\/wp\/v2\/posts"}],"about":[{"href":"https:\/\/linitiative.ca\/International\/wp-json\/wp\/v2\/types\/post"}],"author":[{"embeddable":true,"href":"https:\/\/linitiative.ca\/International\/wp-json\/wp\/v2\/users\/1816"}],"replies":[{"embeddable":true,"href":"https:\/\/linitiative.ca\/International\/wp-json\/wp\/v2\/comments?post=140651"}],"version-history":[{"count":0,"href":"https:\/\/linitiative.ca\/International\/wp-json\/wp\/v2\/posts\/140651\/revisions"}],"wp:attachment":[{"href":"https:\/\/linitiative.ca\/International\/wp-json\/wp\/v2\/media?parent=140651"}],"wp:term":[{"taxonomy":"category","embeddable":true,"href":"https:\/\/linitiative.ca\/International\/wp-json\/wp\/v2\/categories?post=140651"},{"taxonomy":"post_tag","embeddable":true,"href":"https:\/\/linitiative.ca\/International\/wp-json\/wp\/v2\/tags?post=140651"}],"curies":[{"name":"wp","href":"https:\/\/api.w.org\/{rel}","templated":true}]}}