{"id":140653,"date":"2022-02-11T10:18:03","date_gmt":"2022-02-11T15:18:03","guid":{"rendered":"https:\/\/linitiative.ca\/International\/soudan-loccident-fustige-les-violations-des-droits-de-lhomme\/"},"modified":"2022-02-11T10:18:03","modified_gmt":"2022-02-11T15:18:03","slug":"soudan-loccident-fustige-les-violations-des-droits-de-lhomme","status":"publish","type":"post","link":"https:\/\/linitiative.ca\/International\/soudan-loccident-fustige-les-violations-des-droits-de-lhomme\/","title":{"rendered":"Soudan : l\u2019occident fustige les violations des droits de l\u2019homme"},"content":{"rendered":"<div>\n<p><img decoding=\"async\" width=\"1242\" height=\"673\" src=\"https:\/\/linitiative.ca\/International\/wp-content\/uploads\/sites\/23\/2022\/02\/16445926842356.jpg\" class=\"attachment-post-thumbnail size-post-thumbnail wp-post-image\" alt=\"\" loading=\"lazy\" srcset=\"https:\/\/linitiative.ca\/International\/wp-content\/uploads\/sites\/23\/2022\/02\/16445926842356.jpg 1242w, https:\/\/www.journalducameroun.com\/wp-content\/uploads\/2022\/02\/16445926842356-300x163.jpg 300w, https:\/\/www.journalducameroun.com\/wp-content\/uploads\/2022\/02\/16445926842356-1024x555.jpg 1024w, https:\/\/www.journalducameroun.com\/wp-content\/uploads\/2022\/02\/16445926842356-768x416.jpg 768w, https:\/\/www.journalducameroun.com\/wp-content\/uploads\/2022\/02\/16445926842356-812x440.jpg 812w, https:\/\/www.journalducameroun.com\/wp-content\/uploads\/2022\/02\/16445926842356-600x325.jpg 600w\" sizes=\"auto, (max-width: 1242px) 100vw, 1242px\"><\/p>\n<p>La junte militaire au Soudan a fait l&rsquo;objet de vives critiques de la part des capitales occidentales concernant les violations des droits de l&rsquo;homme.Plusieurs personnalit\u00e9s politiques qui se sont oppos\u00e9s contre les coup d&rsquo;Etat perp\u00e9tr\u00e9 par l&rsquo;arm\u00e9e \u00a0dans ce pays en proie des s\u00e9ries de manifestations populaires, ont \u00e9t\u00e9 victimes de ces violations.<\/p>\n<p>Dans une d\u00e9claration publi\u00e9e vendredi, les pays de la tro\u00efka (Norv\u00e8ge, Royaume-Uni et \u00c9tats-Unis), le Canada, la Suisse et l&rsquo;Union europ\u00e9enne se disent alarm\u00e9s par les arrestations et les d\u00e9tentions, le 9 f\u00e9vrier, de plusieurs personnalit\u00e9s politiques de premier plan.<\/p>\n<p>\u00a0\u00ab Ces actions troublantes font partie d&rsquo;une s\u00e9rie d&rsquo;arrestations et de d\u00e9tentions de militants de la soci\u00e9t\u00e9 civile, de journalistes et de travailleurs humanitaires qui ont eu lieu ces derni\u00e8res semaines dans tout le Soudan. Nous condamnons ce harc\u00e8lement et cette intimidation de la part des autorit\u00e9s militaires soudanaises. Cela est totalement incompatible avec leur engagement d\u00e9clar\u00e9 \u00e0 participer de mani\u00e8re constructive \u00e0 un processus facilit\u00e9 visant \u00e0 r\u00e9soudre la crise politique du Soudan pour revenir \u00e0 une transition d\u00e9mocratique\u00a0\u00bb, indique la d\u00e9claration.<\/p>\n<p>\u00a0La tro\u00efka appelle \u00e0 une cessation imm\u00e9diate des abus \u00e0 l&rsquo;encontre des prisonniers politiques et des personnes d\u00e9tenues en raison de leur militantisme en faveur du retour du Soudan \u00e0 l&rsquo;ordre constitutionnel.<\/p>\n<p>Ils ont appel\u00e9 les autorit\u00e9s militaires \u00e0 respecter leurs obligations en mati\u00e8re de sauvegarde des droits de l&rsquo;homme et de garantie de la s\u00e9curit\u00e9 des personnes d\u00e9tenues ou arr\u00eat\u00e9es, ainsi que la n\u00e9cessit\u00e9 de veiller \u00e0 ce que la proc\u00e9dure r\u00e9guli\u00e8re soit syst\u00e9matiquement suivie dans tous les cas.<\/p>\n<p>La lev\u00e9e de l&rsquo;\u00e9tat d&rsquo;urgence en vigueur depuis octobre dernier, date \u00e0 laquelle les militaires dirig\u00e9s par Abdelfattah al-Burhan ont pris le pouvoir, serait un signal positif, selon la tro\u00efka.<\/p>\n<p>Cet article <a rel=\"nofollow\" href=\"https:\/\/www.journalducameroun.com\/soudan-loccident-fustige-les-violations-des-droits-de-lhomme\/\">Soudan : l\u2019occident fustige les violations des droits de l\u2019homme<\/a> est apparu en premier sur <a rel=\"nofollow\" href=\"https:\/\/www.journalducameroun.com\/\">Journal du Cameroun<\/a>.<\/p>\n<\/div>\n<p>Auteur: APA News<br \/>\n<a href=\"https:\/\/www.journalducameroun.com\/soudan-loccident-fustige-les-violations-des-droits-de-lhomme\/\">Cliquez ici pour lire l&rsquo;article depuis sa source.<\/a><\/p>\n","protected":false},"excerpt":{"rendered":"<p>La junte militaire au Soudan a fait l&rsquo;objet de vives critiques de la part des capitales occidentales concernant les violations des droits de l&rsquo;homme.Plusieurs personnalit\u00e9s politiques qui se sont oppos\u00e9s contre les coup d&rsquo;Etat perp\u00e9tr\u00e9 par l&rsquo;arm\u00e9e \u00a0dans ce pays en proie des s\u00e9ries de manifestations populaires, ont \u00e9t\u00e9 victimes de ces violations. Dans une [&hellip;]<\/p>\n","protected":false},"author":1965,"featured_media":0,"comment_status":"closed","ping_status":"closed","sticky":false,"template":"","format":"standard","meta":{"fifu_image_url":"https:\/\/www.journalducameroun.com\/wp-content\/uploads\/2022\/02\/16445926842356.jpg","fifu_image_alt":"Soudan : l\u2019occident fustige les violations des droits de l\u2019homme","footnotes":""},"categories":[73,82],"tags":[],"class_list":["post-140653","post","type-post","status-publish","format-standard","hentry","category-actualite","category-cameroun"],"_links":{"self":[{"href":"https:\/\/linitiative.ca\/International\/wp-json\/wp\/v2\/posts\/140653","targetHints":{"allow":["GET"]}}],"collection":[{"href":"https:\/\/linitiative.ca\/International\/wp-json\/wp\/v2\/posts"}],"about":[{"href":"https:\/\/linitiative.ca\/International\/wp-json\/wp\/v2\/types\/post"}],"author":[{"embeddable":true,"href":"https:\/\/linitiative.ca\/International\/wp-json\/wp\/v2\/users\/1965"}],"replies":[{"embeddable":true,"href":"https:\/\/linitiative.ca\/International\/wp-json\/wp\/v2\/comments?post=140653"}],"version-history":[{"count":0,"href":"https:\/\/linitiative.ca\/International\/wp-json\/wp\/v2\/posts\/140653\/revisions"}],"wp:attachment":[{"href":"https:\/\/linitiative.ca\/International\/wp-json\/wp\/v2\/media?parent=140653"}],"wp:term":[{"taxonomy":"category","embeddable":true,"href":"https:\/\/linitiative.ca\/International\/wp-json\/wp\/v2\/categories?post=140653"},{"taxonomy":"post_tag","embeddable":true,"href":"https:\/\/linitiative.ca\/International\/wp-json\/wp\/v2\/tags?post=140653"}],"curies":[{"name":"wp","href":"https:\/\/api.w.org\/{rel}","templated":true}]}}