{"id":140657,"date":"2022-02-11T12:18:03","date_gmt":"2022-02-11T17:18:03","guid":{"rendered":"https:\/\/linitiative.ca\/International\/afrique-macky-sall-invite-a-prioriser-la-protection-de-lenvironnement\/"},"modified":"2022-02-11T12:18:03","modified_gmt":"2022-02-11T17:18:03","slug":"afrique-macky-sall-invite-a-prioriser-la-protection-de-lenvironnement","status":"publish","type":"post","link":"https:\/\/linitiative.ca\/International\/afrique-macky-sall-invite-a-prioriser-la-protection-de-lenvironnement\/","title":{"rendered":"Afrique : Macky Sall invit\u00e9 \u00e0 prioriser la protection de l\u2019environnement"},"content":{"rendered":"<div>\n<p><img decoding=\"async\" width=\"1280\" height=\"869\" src=\"https:\/\/linitiative.ca\/International\/wp-content\/uploads\/sites\/23\/2022\/02\/16445998841835.jpg\" class=\"attachment-post-thumbnail size-post-thumbnail wp-post-image\" alt=\"\" loading=\"lazy\" srcset=\"https:\/\/linitiative.ca\/International\/wp-content\/uploads\/sites\/23\/2022\/02\/16445998841835.jpg 1280w, https:\/\/www.journalducameroun.com\/wp-content\/uploads\/2022\/02\/16445998841835-300x204.jpg 300w, https:\/\/www.journalducameroun.com\/wp-content\/uploads\/2022\/02\/16445998841835-1024x695.jpg 1024w, https:\/\/www.journalducameroun.com\/wp-content\/uploads\/2022\/02\/16445998841835-768x521.jpg 768w, https:\/\/www.journalducameroun.com\/wp-content\/uploads\/2022\/02\/16445998841835-648x440.jpg 648w, https:\/\/www.journalducameroun.com\/wp-content\/uploads\/2022\/02\/16445998841835-600x407.jpg 600w\" sizes=\"auto, (max-width: 1280px) 100vw, 1280px\"><\/p>\n<p>De nombreux gouvernements africains n\u00e9gligent l&rsquo;urgence climatique alors que le continent est confront\u00e9 au risque le plus \u00e9lev\u00e9 de crises du climat et de la biodiversit\u00e9, alerte Greenpeace.Dans son allocution de d\u00e9but de mandat, Macky Sall, le nouveau pr\u00e9sident en exercice de l&rsquo;Union Africaine (UA), a bri\u00e8vement cit\u00e9 la protection de l&rsquo;environnement parmi les d\u00e9fis \u00ab nombreux et pressants \u00bb du continent noir.<\/p>\n<p>Pour l&rsquo;ONG Greenpeace Afrique, cette question m\u00e9rite toute l&rsquo;attention du chef de l&rsquo;Etat s\u00e9n\u00e9galais. Car, affirme l&rsquo;Organisation Non Gouvernementale, l&rsquo;Afrique est tr\u00e8s vuln\u00e9rable aux effets du changement climatique.<\/p>\n<p>\u00ab Les pays industrialis\u00e9s ont la responsabilit\u00e9 historique d&rsquo;\u00eatre \u00e0 l&rsquo;origine du d\u00e9r\u00e8glement climatique, mais la crise climatique est une menace mondiale et les dirigeants africains ont la responsabilit\u00e9 partag\u00e9e d&rsquo;agir maintenant pour sauver la plan\u00e8te \u00bb, a d\u00e9clar\u00e9 le responsable de la campagne Oc\u00e9ans \u00e0 Greenpeace Afrique, Dr Aliou Ba, dans un communiqu\u00e9 re\u00e7u vendredi \u00e0 APA.<\/p>\n<p>Selon Greenpeace Afrique, le d\u00e9r\u00e8glement climatique, qui se manifeste par la s\u00e9cheresse, les inondations, les difficult\u00e9s d&rsquo;acc\u00e8s \u00e0 l&rsquo;eau et aux moyens de subsistance, peut \u00eatre source de conflits violents parce que les ressources s&rsquo;amenuisent.<\/p>\n<p>Partant de ce constat, Dr Ba a exhort\u00e9 le pr\u00e9sident Sall \u00e0 mettre \u00e0 profit ses comp\u00e9tences diplomatiques pour \u00e9laborer une r\u00e9ponse panafricaine en s&rsquo;appuyant notamment sur l&rsquo;Agenda 2063 de l&rsquo;Union Africaine.<\/p>\n<p>Cet article <a rel=\"nofollow\" href=\"https:\/\/www.journalducameroun.com\/afrique-macky-sall-invite-a-prioriser-la-protection-de-lenvironnement\/\">Afrique : Macky Sall invit\u00e9 \u00e0 prioriser la protection de l\u2019environnement<\/a> est apparu en premier sur <a rel=\"nofollow\" href=\"https:\/\/www.journalducameroun.com\/\">Journal du Cameroun<\/a>.<\/p>\n<\/div>\n<p>Auteur: APA News<br \/>\n<a href=\"https:\/\/www.journalducameroun.com\/afrique-macky-sall-invite-a-prioriser-la-protection-de-lenvironnement\/\">Cliquez ici pour lire l&rsquo;article depuis sa source.<\/a><\/p>\n","protected":false},"excerpt":{"rendered":"<p>De nombreux gouvernements africains n\u00e9gligent l&rsquo;urgence climatique alors que le continent est confront\u00e9 au risque le plus \u00e9lev\u00e9 de crises du climat et de la biodiversit\u00e9, alerte Greenpeace.Dans son allocution de d\u00e9but de mandat, Macky Sall, le nouveau pr\u00e9sident en exercice de l&rsquo;Union Africaine (UA), a bri\u00e8vement cit\u00e9 la protection de l&rsquo;environnement parmi les d\u00e9fis [&hellip;]<\/p>\n","protected":false},"author":1965,"featured_media":0,"comment_status":"closed","ping_status":"closed","sticky":false,"template":"","format":"standard","meta":{"fifu_image_url":"https:\/\/www.journalducameroun.com\/wp-content\/uploads\/2022\/02\/16445998841835.jpg","fifu_image_alt":"Afrique : Macky Sall invit\u00e9 \u00e0 prioriser la protection de l\u2019environnement","footnotes":""},"categories":[73,82],"tags":[],"class_list":["post-140657","post","type-post","status-publish","format-standard","hentry","category-actualite","category-cameroun"],"_links":{"self":[{"href":"https:\/\/linitiative.ca\/International\/wp-json\/wp\/v2\/posts\/140657","targetHints":{"allow":["GET"]}}],"collection":[{"href":"https:\/\/linitiative.ca\/International\/wp-json\/wp\/v2\/posts"}],"about":[{"href":"https:\/\/linitiative.ca\/International\/wp-json\/wp\/v2\/types\/post"}],"author":[{"embeddable":true,"href":"https:\/\/linitiative.ca\/International\/wp-json\/wp\/v2\/users\/1965"}],"replies":[{"embeddable":true,"href":"https:\/\/linitiative.ca\/International\/wp-json\/wp\/v2\/comments?post=140657"}],"version-history":[{"count":0,"href":"https:\/\/linitiative.ca\/International\/wp-json\/wp\/v2\/posts\/140657\/revisions"}],"wp:attachment":[{"href":"https:\/\/linitiative.ca\/International\/wp-json\/wp\/v2\/media?parent=140657"}],"wp:term":[{"taxonomy":"category","embeddable":true,"href":"https:\/\/linitiative.ca\/International\/wp-json\/wp\/v2\/categories?post=140657"},{"taxonomy":"post_tag","embeddable":true,"href":"https:\/\/linitiative.ca\/International\/wp-json\/wp\/v2\/tags?post=140657"}],"curies":[{"name":"wp","href":"https:\/\/api.w.org\/{rel}","templated":true}]}}