{"id":140659,"date":"2022-02-11T13:18:03","date_gmt":"2022-02-11T18:18:03","guid":{"rendered":"https:\/\/linitiative.ca\/International\/afrique-du-sud-le-processus-de-demande-de-visas-assoupli\/"},"modified":"2022-02-11T13:18:03","modified_gmt":"2022-02-11T18:18:03","slug":"afrique-du-sud-le-processus-de-demande-de-visas-assoupli","status":"publish","type":"post","link":"https:\/\/linitiative.ca\/International\/afrique-du-sud-le-processus-de-demande-de-visas-assoupli\/","title":{"rendered":"Afrique du Sud : le processus de demande de visas assoupli"},"content":{"rendered":"<div>\n<p><img decoding=\"async\" width=\"450\" height=\"300\" src=\"https:\/\/linitiative.ca\/International\/wp-content\/uploads\/sites\/23\/2022\/02\/16446034839242.jpg\" class=\"attachment-post-thumbnail size-post-thumbnail wp-post-image\" alt=\"\" loading=\"lazy\" srcset=\"https:\/\/linitiative.ca\/International\/wp-content\/uploads\/sites\/23\/2022\/02\/16446034839242.jpg 450w, https:\/\/www.journalducameroun.com\/wp-content\/uploads\/2022\/02\/16446034839242-300x200.jpg 300w\" sizes=\"auto, (max-width: 450px) 100vw, 450px\"><\/p>\n<p>Le gouvernement sud-africain ambitionne de booster les entr\u00e9es dans son territoire.Jeudi soir, Cyril Ramaphosa, le pr\u00e9sident de l&rsquo;Afrique du Sud, a promis l&rsquo;am\u00e9lioration du syst\u00e8me de d\u00e9livrance de visas lors du discours annuel sur l&rsquo;\u00e9tat de la nation. Cette mesure concerne les demandes de visas pour le tourisme, les affaires et le travail.<\/p>\n<p>\u00c0 en croire M. Ramaphosa, il est temps de \u00ab moderniser\u00a0\u00bb davantage ladite proc\u00e9dure. Depuis l&rsquo;ann\u00e9e derni\u00e8re, des visas \u00e9lectroniques ont \u00e9t\u00e9 lanc\u00e9s par l&rsquo;Afrique du Sud dans 14 pays du monde entier dont la Chine, l&rsquo;Inde, le Kenya et le Nigeria.<\/p>\n<p>Cette dynamique va se poursuivre selon le successeur de Jacob Zuma. La nation arc-en-ciel esp\u00e8re attirer de bons profils pour son \u00e9conomie et acc\u00e9l\u00e9rer la reprise du secteur touristique.<\/p>\n<p>Cet article <a rel=\"nofollow\" href=\"https:\/\/www.journalducameroun.com\/afrique-du-sud-le-processus-de-demande-de-visas-assoupli\/\">Afrique du Sud : le processus de demande de visas assoupli<\/a> est apparu en premier sur <a rel=\"nofollow\" href=\"https:\/\/www.journalducameroun.com\/\">Journal du Cameroun<\/a>.<\/p>\n<\/div>\n<p>Auteur: APA News<br \/>\n<a href=\"https:\/\/www.journalducameroun.com\/afrique-du-sud-le-processus-de-demande-de-visas-assoupli\/\">Cliquez ici pour lire l&rsquo;article depuis sa source.<\/a><\/p>\n","protected":false},"excerpt":{"rendered":"<p>Le gouvernement sud-africain ambitionne de booster les entr\u00e9es dans son territoire.Jeudi soir, Cyril Ramaphosa, le pr\u00e9sident de l&rsquo;Afrique du Sud, a promis l&rsquo;am\u00e9lioration du syst\u00e8me de d\u00e9livrance de visas lors du discours annuel sur l&rsquo;\u00e9tat de la nation. Cette mesure concerne les demandes de visas pour le tourisme, les affaires et le travail. \u00c0 en [&hellip;]<\/p>\n","protected":false},"author":1965,"featured_media":0,"comment_status":"closed","ping_status":"closed","sticky":false,"template":"","format":"standard","meta":{"fifu_image_url":"https:\/\/www.journalducameroun.com\/wp-content\/uploads\/2022\/02\/16446034839242.jpg","fifu_image_alt":"Afrique du Sud : le processus de demande de visas assoupli","footnotes":""},"categories":[73,82],"tags":[],"class_list":["post-140659","post","type-post","status-publish","format-standard","hentry","category-actualite","category-cameroun"],"_links":{"self":[{"href":"https:\/\/linitiative.ca\/International\/wp-json\/wp\/v2\/posts\/140659","targetHints":{"allow":["GET"]}}],"collection":[{"href":"https:\/\/linitiative.ca\/International\/wp-json\/wp\/v2\/posts"}],"about":[{"href":"https:\/\/linitiative.ca\/International\/wp-json\/wp\/v2\/types\/post"}],"author":[{"embeddable":true,"href":"https:\/\/linitiative.ca\/International\/wp-json\/wp\/v2\/users\/1965"}],"replies":[{"embeddable":true,"href":"https:\/\/linitiative.ca\/International\/wp-json\/wp\/v2\/comments?post=140659"}],"version-history":[{"count":0,"href":"https:\/\/linitiative.ca\/International\/wp-json\/wp\/v2\/posts\/140659\/revisions"}],"wp:attachment":[{"href":"https:\/\/linitiative.ca\/International\/wp-json\/wp\/v2\/media?parent=140659"}],"wp:term":[{"taxonomy":"category","embeddable":true,"href":"https:\/\/linitiative.ca\/International\/wp-json\/wp\/v2\/categories?post=140659"},{"taxonomy":"post_tag","embeddable":true,"href":"https:\/\/linitiative.ca\/International\/wp-json\/wp\/v2\/tags?post=140659"}],"curies":[{"name":"wp","href":"https:\/\/api.w.org\/{rel}","templated":true}]}}