{"id":140661,"date":"2022-02-11T17:18:03","date_gmt":"2022-02-11T22:18:03","guid":{"rendered":"https:\/\/linitiative.ca\/International\/covid-en-afrique-du-sud-vers-la-levee-de-letat-durgence-sanitaire\/"},"modified":"2022-02-11T17:18:03","modified_gmt":"2022-02-11T22:18:03","slug":"covid-en-afrique-du-sud-vers-la-levee-de-letat-durgence-sanitaire","status":"publish","type":"post","link":"https:\/\/linitiative.ca\/International\/covid-en-afrique-du-sud-vers-la-levee-de-letat-durgence-sanitaire\/","title":{"rendered":"Covid en Afrique du Sud : vers la lev\u00e9e de l\u2019\u00e9tat d\u2019urgence sanitaire"},"content":{"rendered":"<div>\n<p><img decoding=\"async\" width=\"800\" height=\"450\" src=\"https:\/\/linitiative.ca\/International\/wp-content\/uploads\/sites\/23\/2022\/02\/16446178837259.jpg\" class=\"attachment-post-thumbnail size-post-thumbnail wp-post-image\" alt=\"\" loading=\"lazy\" srcset=\"https:\/\/linitiative.ca\/International\/wp-content\/uploads\/sites\/23\/2022\/02\/16446178837259.jpg 800w, https:\/\/www.journalducameroun.com\/wp-content\/uploads\/2022\/02\/16446178837259-300x169.jpg 300w, https:\/\/www.journalducameroun.com\/wp-content\/uploads\/2022\/02\/16446178837259-768x432.jpg 768w, https:\/\/www.journalducameroun.com\/wp-content\/uploads\/2022\/02\/16446178837259-780x440.jpg 780w, https:\/\/www.journalducameroun.com\/wp-content\/uploads\/2022\/02\/16446178837259-380x215.jpg 380w, https:\/\/www.journalducameroun.com\/wp-content\/uploads\/2022\/02\/16446178837259-160x90.jpg 160w, https:\/\/www.journalducameroun.com\/wp-content\/uploads\/2022\/02\/16446178837259-240x135.jpg 240w, https:\/\/www.journalducameroun.com\/wp-content\/uploads\/2022\/02\/16446178837259-782x440.jpg 782w, https:\/\/www.journalducameroun.com\/wp-content\/uploads\/2022\/02\/16446178837259-600x338.jpg 600w\" sizes=\"auto, (max-width: 800px) 100vw, 800px\"><\/p>\n<p>Gr\u00e2ce \u00e0 la vaccination de plus de 50 millions de personnes, le gouvernement peut maintenant desserrer la vis.L&rsquo;Afrique du Sud, pays le plus touch\u00e9 par le nouveau coronavirus sur le continent noir, a vaccin\u00e9 40 % de sa population. Selon les autorit\u00e9s, pr\u00e8s de 42 % des adultes et 16 % des personnes de plus de 50 ans sont enti\u00e8rement vaccin\u00e9s.<\/p>\n<p>\u00ab C&rsquo;est une grande r\u00e9ussite. De nombreux pays de notre continent ne peuvent pas en dire autant \u00bb, s&rsquo;est f\u00e9licit\u00e9 Cyril Ramaphosa. Le pr\u00e9sident sud-africain a exhort\u00e9 ses compatriotes, qui ne l&rsquo;ont pas encore fait, \u00e0 aller se faire injecter le liquide pr\u00e9cieux.<\/p>\n<p>Pour convaincre les r\u00e9calcitrants, le successeur de Jacob Zuma a soulign\u00e9 que le vaccin lui a sauv\u00e9 la vie quand il contract\u00e9 le virus. \u00ab Si je ne l&rsquo;avais pas pris, je ne serais probablement pas ici devant vous \u00bb, a-t-il soutenu lors de son discours sur l&rsquo;\u00e9tat de la nation prononc\u00e9 jeudi soir.<\/p>\n<p>D\u00e9cr\u00e9t\u00e9 le 15 mars 2020, l&rsquo;\u00e9tat d&rsquo;urgence sanitaire sera bient\u00f4t lev\u00e9 puisque la maladie est d\u00e9sormais sous contr\u00f4le. \u00ab Nous y mettrons fin d\u00e8s que nous aurons finalis\u00e9 certains textes \u00bb, a indiqu\u00e9 M. Ramaphosa.<\/p>\n<p>Cet article <a rel=\"nofollow\" href=\"https:\/\/www.journalducameroun.com\/covid-en-afrique-du-sud-vers-la-levee-de-letat-durgence-sanitaire\/\">Covid en Afrique du Sud : vers la lev\u00e9e de l\u2019\u00e9tat d\u2019urgence sanitaire<\/a> est apparu en premier sur <a rel=\"nofollow\" href=\"https:\/\/www.journalducameroun.com\/\">Journal du Cameroun<\/a>.<\/p>\n<\/div>\n<p>Auteur: APA News<br \/>\n<a href=\"https:\/\/www.journalducameroun.com\/covid-en-afrique-du-sud-vers-la-levee-de-letat-durgence-sanitaire\/\">Cliquez ici pour lire l&rsquo;article depuis sa source.<\/a><\/p>\n","protected":false},"excerpt":{"rendered":"<p>Gr\u00e2ce \u00e0 la vaccination de plus de 50 millions de personnes, le gouvernement peut maintenant desserrer la vis.L&rsquo;Afrique du Sud, pays le plus touch\u00e9 par le nouveau coronavirus sur le continent noir, a vaccin\u00e9 40 % de sa population. Selon les autorit\u00e9s, pr\u00e8s de 42 % des adultes et 16 % des personnes de plus [&hellip;]<\/p>\n","protected":false},"author":1965,"featured_media":0,"comment_status":"closed","ping_status":"closed","sticky":false,"template":"","format":"standard","meta":{"fifu_image_url":"https:\/\/www.journalducameroun.com\/wp-content\/uploads\/2022\/02\/16446178837259.jpg","fifu_image_alt":"Covid en Afrique du Sud : vers la lev\u00e9e de l\u2019\u00e9tat d\u2019urgence sanitaire","footnotes":""},"categories":[73,82],"tags":[],"class_list":["post-140661","post","type-post","status-publish","format-standard","hentry","category-actualite","category-cameroun"],"_links":{"self":[{"href":"https:\/\/linitiative.ca\/International\/wp-json\/wp\/v2\/posts\/140661","targetHints":{"allow":["GET"]}}],"collection":[{"href":"https:\/\/linitiative.ca\/International\/wp-json\/wp\/v2\/posts"}],"about":[{"href":"https:\/\/linitiative.ca\/International\/wp-json\/wp\/v2\/types\/post"}],"author":[{"embeddable":true,"href":"https:\/\/linitiative.ca\/International\/wp-json\/wp\/v2\/users\/1965"}],"replies":[{"embeddable":true,"href":"https:\/\/linitiative.ca\/International\/wp-json\/wp\/v2\/comments?post=140661"}],"version-history":[{"count":0,"href":"https:\/\/linitiative.ca\/International\/wp-json\/wp\/v2\/posts\/140661\/revisions"}],"wp:attachment":[{"href":"https:\/\/linitiative.ca\/International\/wp-json\/wp\/v2\/media?parent=140661"}],"wp:term":[{"taxonomy":"category","embeddable":true,"href":"https:\/\/linitiative.ca\/International\/wp-json\/wp\/v2\/categories?post=140661"},{"taxonomy":"post_tag","embeddable":true,"href":"https:\/\/linitiative.ca\/International\/wp-json\/wp\/v2\/tags?post=140661"}],"curies":[{"name":"wp","href":"https:\/\/api.w.org\/{rel}","templated":true}]}}