{"id":140664,"date":"2022-02-11T07:45:22","date_gmt":"2022-02-11T12:45:22","guid":{"rendered":"https:\/\/linitiative.ca\/International\/affaire-emmanuel-leubou-letat-a-subi-un-prejudice-de-5587-milliards-entre-2015-et-2016\/"},"modified":"2022-02-11T07:45:22","modified_gmt":"2022-02-11T12:45:22","slug":"affaire-emmanuel-leubou-letat-a-subi-un-prejudice-de-5587-milliards-entre-2015-et-2016","status":"publish","type":"post","link":"https:\/\/linitiative.ca\/International\/affaire-emmanuel-leubou-letat-a-subi-un-prejudice-de-5587-milliards-entre-2015-et-2016\/","title":{"rendered":"Affaire Emmanuel Leubou\u00a0: l\u2019Etat a subi un pr\u00e9judice de 5,587 milliards entre 2015 et 2016"},"content":{"rendered":"<div>\n<p>L\u2019Etat du Cameroun paie un lourd tribut dans la gestion du fichier solde. Entre la p\u00e9riode allant de 2015 \u00e0 2016,\u00a0le montant du pr\u00e9judice subi par l\u2019Etat du Cameroun est de 5,587 milliards de Fcfa.\u00a0Cette perte financi\u00e8re est cons\u00e9cutive aux op\u00e9rations de suppressions frauduleuses des remboursements des avances sur salaires et pensions au minist\u00e8re des Finances.<\/p>\n<p><strong>Lire aussi<\/strong> : <strong><a href=\"https:\/\/ecomatin.net\/affaire-leubou-et-cie-les-avocats-des-accuses-plaident-t-pour-le-remboursement-des-avances-de-solde\/\">Affaire Leubou et Cie : les avocats des accus\u00e9s plaident pour le remboursement des avances de solde<\/a><\/strong><\/p>\n<p>Au cours de l\u2019audience du 7 f\u00e9vrier 2022, le t\u00e9moin du minist\u00e8re Public est interrog\u00e9 sur le caract\u00e8re dit frauduleux desdites annulations\u00a0:\u00a0\u00ab\u00a0Elle est frauduleuse lorsqu\u2019elle n\u2019est pas accompagn\u00e9e d\u2019un re\u00e7u ou quittance de remboursement\u00bb, a-t-il r\u00e9torqu\u00e9 suite \u00e0 l\u2019interrogation de l\u2019accus\u00e9 Emmanuel Leubou. Dans le cadre de son contre interrogatoire, le Dr Bell est interpell\u00e9 sur les d\u00e9clarations relatives \u00e0 l\u2019usage du\u00a0compte 01X. De l\u2019avis de l\u2019expert, un individu non identifi\u00e9 se serait connect\u00e9 \u00e0 partir du poste 1255 \u00e0 31 dates diff\u00e9rentes pour effectuer les op\u00e9rations de suppressions et de cr\u00e9ations des codes.\u00a0\u00a0Le Dr Bell fait savoir que dans le domaine de l\u2019informatique, on distingue\u00a0\u00a0les hommes, des machines ainsi que l\u2019organisation. \u00ab\u00a0L\u2019Homme n\u2019est pas li\u00e9 \u00e0 la machine de mani\u00e8re permanente et constante.\u00a0\u00a0Etant qu\u2019il n\u2019y avait pas de cam\u00e9ra de surveillance, les donn\u00e9es recueillies ne permettent pas de savoir \u00e0 quelle date et \u00e0 quelle heure la personne se serait connect\u00e9e \u00e0 tel poste de travail.\u00a0\u00bb D\u00e8s lors, 03 hypoth\u00e8ses sont envisag\u00e9es\u00a0:\u00a0\u00ab\u00a0 Soit l\u2019utilisateur du compte 01X s\u2019est d\u00e9plac\u00e9 physiquement pour aller s\u2019installer sur le poste 1255 et initier ensuite les op\u00e9rations de suppressions\u00a0; soit l\u2019utilisateur du compte 01X ne s\u2019est jamais d\u00e9plac\u00e9, mais utilisait des param\u00e8tres du compte 1255 et r\u00e9alisait des op\u00e9rations\u00a0;\u00a0\u00a0soit ni l\u2019utilisateur du compte 01X, ni celui du compte 1255 ne s\u2019est connect\u00e9. Mais, une tierce personne se connectait \u00e0 ce poste en usurpant l\u2019adresse Ip\u00a0\u00bb, d\u00e9veloppe-t-il \u00e0 l\u2019attention du Tribunal.<\/p>\n<p><strong>Modalit\u00e9s\u00a0<\/strong><\/p>\n<p>De plus, le t\u00e9moin du Minist\u00e8re public\u00a0est interpel\u00e9 sur les modalit\u00e9s d\u2019octroi des avances sur salaires. De l\u2019avis de Me Atangana Ayissi, ce dernier note en page 15 de son rapport d\u2019expertise\u00a0que l\u2019attribution des avances de solde \u00e9tait faite entre autres personnes, par le chef de la cellule informatique.\u00a0\u00ab\u00a0Ma question est de savoir si ce chef de la cellule informatique est dot\u00e9 des pouvoirs r\u00e9glementaires pour attribuer les avances, ou alors, seulement de les traiter\u00a0?\u00a0\u00bb\u00a0Le Dr Bell dit n\u2019avoir pas eu de texte d\u00e9finissant les responsabilit\u00e9s.\u00a0\u00ab Mais, il nous a \u00e9t\u00e9 dit que dans la pratique, on envoie les dossiers au chef de la cellule informatique pour traitement. Les dossiers viennent du cabinet du ministre, du secr\u00e9taire g\u00e9n\u00e9ral, parfois avec ou sans avis\u00bb.\u00a0\u00a0<\/p>\n<p>A l\u2019audience du 4 f\u00e9vrier dernier, le Dr Bell rel\u00e8ve\u00a0\u00ab\u00a0509 suppressions entre 18h28min et 18h55min. Le 20 mars 2016, le m\u00eame utilisateur a fait 115 suppressions entre 16h03min et 16h46 min\u00bb.<\/p>\n<p><strong>Lire aussi<\/strong> : <strong><a href=\"https:\/\/ecomatin.net\/fichier-solde-de-letat-emmanuel-lebou-a-nouveau-epingle\/\">Fichier solde de l\u2019Etat : Emmanuel Lebou \u00e0 nouveau \u00e9pingl\u00e9<\/a><\/strong><\/p>\n<p>Dans le m\u00eame sillage, le repr\u00e9sentant du Parquet g\u00e9n\u00e9ral indique que nombre d\u2019agents de l\u2019Etat ont b\u00e9n\u00e9fici\u00e9 des avances sur salaire et de pension.\u00a0\u00a0Parmi ceux-ci, de ceux-ci, figure dame Assiatou Boullo Bouba. Le 20 octobre 2015, cette derni\u00e8re per\u00e7oit la somme de 3,822 millions de Fcfa. Ce montant lui a \u00e9t\u00e9 attribu\u00e9 au moyen du User SO5A sur le poste de travail 1083. Dame Assiatou Boullo Bouba sera par la suite arr\u00eat\u00e9e et d\u00e9tenue \u00e0 la prison centrale de Yaound\u00e9 Kondengui. Elle recouvre la libert\u00e9 le 2 mars 2021. Ceci, apr\u00e8s avoir proc\u00e9d\u00e9 \u00e0 la restitution du corps du d\u00e9lit \u00e0 hauteur de 6,504 millions de Fcfa.<\/p>\n<p>Cette affaire oppose le Minist\u00e8re public, le minist\u00e8re des Finances \u00e0 Emmanuel Leubou, Lefang C\u00e9lestina Nkeng, Amadou Haman,\u00a0Pempeme Inoussa. Ces accus\u00e9s sont poursuivis pour r\u00e9pondre des faits pr\u00e9sum\u00e9s de d\u00e9tournement de biens publics (Dbp), coaction et complicit\u00e9 de Dbp. La suite de l\u2019affaire est pr\u00e9vue les 04 et 07 avril prochains.<\/p>\n<p><strong>Ren\u00e9 Ombala<\/strong>z<\/p>\n<p>L\u2019article <a rel=\"nofollow\" href=\"https:\/\/ecomatin.net\/affaire-emmanuel-leubou-letat-a-subi-un-prejudice-de-5587-milliards-entre-2015-et-2016\/\">Affaire Emmanuel Leubou\u00a0: l\u2019Etat a subi un pr\u00e9judice de 5,587 milliards entre 2015 et 2016<\/a> est apparu en premier sur <a rel=\"nofollow\" href=\"https:\/\/ecomatin.net\/\">EcoMatin<\/a>.<\/p>\n<\/div>\n<p>Auteur: EcoMatin<br \/>\n<a href=\"https:\/\/ecomatin.net\/affaire-emmanuel-leubou-letat-a-subi-un-prejudice-de-5587-milliards-entre-2015-et-2016\/\">Cliquez ici pour lire l&rsquo;article depuis sa source.<\/a><\/p>\n","protected":false},"excerpt":{"rendered":"<p>L\u2019Etat du Cameroun paie un lourd tribut dans la gestion du fichier solde. Entre la p\u00e9riode allant de 2015 \u00e0 2016,\u00a0le montant du pr\u00e9judice subi par l\u2019Etat du Cameroun est de 5,587 milliards de Fcfa.\u00a0Cette perte financi\u00e8re est cons\u00e9cutive aux op\u00e9rations de suppressions frauduleuses des remboursements des avances sur salaires et pensions au minist\u00e8re des [&hellip;]<\/p>\n","protected":false},"author":1969,"featured_media":0,"comment_status":"closed","ping_status":"closed","sticky":false,"template":"","format":"standard","meta":{"fifu_image_url":"","fifu_image_alt":"","footnotes":""},"categories":[82,78],"tags":[],"class_list":["post-140664","post","type-post","status-publish","format-standard","hentry","category-cameroun","category-economie"],"_links":{"self":[{"href":"https:\/\/linitiative.ca\/International\/wp-json\/wp\/v2\/posts\/140664","targetHints":{"allow":["GET"]}}],"collection":[{"href":"https:\/\/linitiative.ca\/International\/wp-json\/wp\/v2\/posts"}],"about":[{"href":"https:\/\/linitiative.ca\/International\/wp-json\/wp\/v2\/types\/post"}],"author":[{"embeddable":true,"href":"https:\/\/linitiative.ca\/International\/wp-json\/wp\/v2\/users\/1969"}],"replies":[{"embeddable":true,"href":"https:\/\/linitiative.ca\/International\/wp-json\/wp\/v2\/comments?post=140664"}],"version-history":[{"count":0,"href":"https:\/\/linitiative.ca\/International\/wp-json\/wp\/v2\/posts\/140664\/revisions"}],"wp:attachment":[{"href":"https:\/\/linitiative.ca\/International\/wp-json\/wp\/v2\/media?parent=140664"}],"wp:term":[{"taxonomy":"category","embeddable":true,"href":"https:\/\/linitiative.ca\/International\/wp-json\/wp\/v2\/categories?post=140664"},{"taxonomy":"post_tag","embeddable":true,"href":"https:\/\/linitiative.ca\/International\/wp-json\/wp\/v2\/tags?post=140664"}],"curies":[{"name":"wp","href":"https:\/\/api.w.org\/{rel}","templated":true}]}}