{"id":140666,"date":"2022-02-11T08:50:01","date_gmt":"2022-02-11T13:50:01","guid":{"rendered":"https:\/\/linitiative.ca\/International\/la-region-de-lest-a-collecte-pres-de-250-millions-de-recettes-minieres-durant-lexercice-2020-2021\/"},"modified":"2022-02-11T08:50:01","modified_gmt":"2022-02-11T13:50:01","slug":"la-region-de-lest-a-collecte-pres-de-250-millions-de-recettes-minieres-durant-lexercice-2020-2021","status":"publish","type":"post","link":"https:\/\/linitiative.ca\/International\/la-region-de-lest-a-collecte-pres-de-250-millions-de-recettes-minieres-durant-lexercice-2020-2021\/","title":{"rendered":"La r\u00e9gion de l\u2019Est a collect\u00e9 pr\u00e8s de 250 millions de recettes mini\u00e8res durant l\u2019exercice 2020-2021"},"content":{"rendered":"<div>\n<p>Pr\u00e8s de 250 millions de FCFA. C\u2019est la moisson de la d\u00e9l\u00e9gation r\u00e9gionale du minist\u00e8re des Mines, de l\u2019industrie et du d\u00e9veloppement technologique (Minmindt) \u00e0 l\u2019Est au cours de l\u2019exercice budg\u00e9taire 2020-2021. D\u2019apr\u00e8s les statistiques collect\u00e9es au niveau de la d\u00e9l\u00e9gation r\u00e9gionale, pour ce qui est des recettes mini\u00e8res, la taxe ad valorem, les droits fixes, la redevance superficielle et la taxe sur les produits de carri\u00e8re ont g\u00e9n\u00e9r\u00e9 une somme totale de plus de 204 millions de FCFA. R\u00e9agissant \u00e0 ce chiffre, Jacques Afti, d\u00e9l\u00e9gu\u00e9 r\u00e9gional du Minmindt pr\u00e9cise que \u00ab\u00a0cette recette est en hausse comparativement \u00e0 celle de 2020. Aussi, en termes de tra\u00e7abilit\u00e9, 14,036 grammes d\u2019or ont \u00e9t\u00e9 canalis\u00e9s au cours de l\u2019exercice\u00a0\u00bb.<\/p>\n<p><strong>Lire aussi<\/strong> : <strong><a href=\"https:\/\/ecomatin.net\/finances-publiques-85-milliards-s-de-fcfa-collectes-a-lest-en-2021\/\">Finances publiques : 8,5 milliards de FCFA collect\u00e9s \u00e0 l\u2019Est en 2021<\/a><\/strong><\/p>\n<p>L\u2019imp\u00f4t synth\u00e9tique quant \u00e0 lui a fait entrer dans les caisses de l\u2019Etat, la somme de plus de 30 millions de FCFA alors que les recouvrements des \u00e9tats dus aupr\u00e8s des \u00e9tablissements classiques de l\u2019exercice 2020 qui n\u2019avaient pas \u00e9t\u00e9 collect\u00e9s \u00e0 cause de la pand\u00e9mie du Covid-19 ont produit la somme de plus de 11 millions de FCFA. Au-del\u00e0 des recouvrements, la d\u00e9l\u00e9gation r\u00e9gionale du Minmindt s\u2019est efforc\u00e9e \u00e0 faire la surveillance administrative, le contr\u00f4le technique, les inspections mixtes qui se font conjointement avec les administrations concern\u00e9es (Sant\u00e9 publique, Travaux publique, Environnement.) pour pr\u00e9venir les accidents dans les industries et chantiers, et le suivi des d\u00e9cisions administratives \u00e0 l\u2019instar de la d\u00e9cision du ministre des Mines relative \u00e0 l\u2019interdiction du travail des enfants dans les sites miniers sign\u00e9e courant 2021.<\/p>\n<p><strong>Lire aussi<\/strong> : <strong><a href=\"https:\/\/ecomatin.net\/le-budget-2022-de-la-region-de-lest-augmente-13-milliards-de-fcfa\/\">Le budget 2022 de la r\u00e9gion de l\u2019Est augmente de 1,3 milliard de Fcfa<\/a><\/strong><\/p>\n<p>Parlant justement des inspections, le d\u00e9l\u00e9gu\u00e9 r\u00e9gional pr\u00e9cise que cette activit\u00e9 sera plus intense en 2022 du fait de la cr\u00e9ation des nouvelles unit\u00e9s industrielles dans la r\u00e9gion de l\u2019Est. Il s\u2019agit par exemple de la nouvelles scierie de transformation du bois de la soci\u00e9t\u00e9 de transformation du bois de la Kadey (Stbk) \u00e0 Batouri dans la perspective de la fin de l\u2019exportation des grumes en 2023 et la cr\u00e9ation d\u2019une nouvelle usine de transformation du cacao dans l\u2019arrondissement de Bertoua 2<sup>\u00e8me<\/sup>.<\/p>\n<p><strong>Martin Foula\u00a0\u00a0\u00a0\u00a0\u00a0<\/strong><\/p>\n<p>L\u2019article <a rel=\"nofollow\" href=\"https:\/\/ecomatin.net\/la-region-de-lest-a-collecte-pres-de-250-millions-s-de-recettes-minieres-durant-lexercice-2020-2021\/\">La r\u00e9gion de l\u2019Est a collect\u00e9 pr\u00e8s de 250 millions de recettes mini\u00e8res durant l\u2019exercice 2020-2021<\/a> est apparu en premier sur <a rel=\"nofollow\" href=\"https:\/\/ecomatin.net\/\">EcoMatin<\/a>.<\/p>\n<\/div>\n<p>Auteur: EcoMatin<br \/>\n<a href=\"https:\/\/ecomatin.net\/la-region-de-lest-a-collecte-pres-de-250-millions-s-de-recettes-minieres-durant-lexercice-2020-2021\/\">Cliquez ici pour lire l&rsquo;article depuis sa source.<\/a><\/p>\n","protected":false},"excerpt":{"rendered":"<p>Pr\u00e8s de 250 millions de FCFA. C\u2019est la moisson de la d\u00e9l\u00e9gation r\u00e9gionale du minist\u00e8re des Mines, de l\u2019industrie et du d\u00e9veloppement technologique (Minmindt) \u00e0 l\u2019Est au cours de l\u2019exercice budg\u00e9taire 2020-2021. D\u2019apr\u00e8s les statistiques collect\u00e9es au niveau de la d\u00e9l\u00e9gation r\u00e9gionale, pour ce qui est des recettes mini\u00e8res, la taxe ad valorem, les droits [&hellip;]<\/p>\n","protected":false},"author":1969,"featured_media":0,"comment_status":"closed","ping_status":"closed","sticky":false,"template":"","format":"standard","meta":{"fifu_image_url":"","fifu_image_alt":"","footnotes":""},"categories":[82,78],"tags":[],"class_list":["post-140666","post","type-post","status-publish","format-standard","hentry","category-cameroun","category-economie"],"_links":{"self":[{"href":"https:\/\/linitiative.ca\/International\/wp-json\/wp\/v2\/posts\/140666","targetHints":{"allow":["GET"]}}],"collection":[{"href":"https:\/\/linitiative.ca\/International\/wp-json\/wp\/v2\/posts"}],"about":[{"href":"https:\/\/linitiative.ca\/International\/wp-json\/wp\/v2\/types\/post"}],"author":[{"embeddable":true,"href":"https:\/\/linitiative.ca\/International\/wp-json\/wp\/v2\/users\/1969"}],"replies":[{"embeddable":true,"href":"https:\/\/linitiative.ca\/International\/wp-json\/wp\/v2\/comments?post=140666"}],"version-history":[{"count":0,"href":"https:\/\/linitiative.ca\/International\/wp-json\/wp\/v2\/posts\/140666\/revisions"}],"wp:attachment":[{"href":"https:\/\/linitiative.ca\/International\/wp-json\/wp\/v2\/media?parent=140666"}],"wp:term":[{"taxonomy":"category","embeddable":true,"href":"https:\/\/linitiative.ca\/International\/wp-json\/wp\/v2\/categories?post=140666"},{"taxonomy":"post_tag","embeddable":true,"href":"https:\/\/linitiative.ca\/International\/wp-json\/wp\/v2\/tags?post=140666"}],"curies":[{"name":"wp","href":"https:\/\/api.w.org\/{rel}","templated":true}]}}