{"id":140667,"date":"2022-02-11T09:06:08","date_gmt":"2022-02-11T14:06:08","guid":{"rendered":"https:\/\/linitiative.ca\/International\/le-camerounais-medard-kamga-nomme-dg-de-saar-assurances-senegal\/"},"modified":"2022-02-11T09:06:08","modified_gmt":"2022-02-11T14:06:08","slug":"le-camerounais-medard-kamga-nomme-dg-de-saar-assurances-senegal","status":"publish","type":"post","link":"https:\/\/linitiative.ca\/International\/le-camerounais-medard-kamga-nomme-dg-de-saar-assurances-senegal\/","title":{"rendered":"Le camerounais M\u00e9dard Kamga nomm\u00e9 DG de SAAR Assurances S\u00e9n\u00e9gal"},"content":{"rendered":"<div>\n<p>Selon une note officielle, le Camerounais M\u00e9dard Kengne Kamga est le nouveau Directeur g\u00e9n\u00e9ral (DG) de la compagnie\u00a0SAAR Assurances S\u00e9n\u00e9gal, filiale du groupe panafricain \u00e9ponyme. L\u2019homme de 41 ans a pris fonction \u00e0 la t\u00eate de cette compagnie le 1er\u00a0janvier 2022.<\/p>\n<p>Avant sa nomination au S\u00e9n\u00e9gal, il a assum\u00e9 les m\u00eames fonctions, toujours dans la m\u00eame bo\u00eete, d\u2019abord au Tchad puis \u00e0 Sao Tom\u00e9 et Principe d\u2019o\u00f9 il vient directement.<\/p>\n<p><strong>Lire aussi<\/strong> : <strong><a href=\"https:\/\/ecomatin.net\/les-societes-dassurances-realisent-t-un-chiffre-daffaires-de-21143-milliards-en-2020\/\">Les soci\u00e9t\u00e9s d\u2019assurances r\u00e9alisent un chiffre d\u2019affaires de 211,43 milliards en 2020<\/a><\/strong><\/p>\n<p>La riche exp\u00e9rience de plus de 15 ans dans le secteur des assurances en Afrique, lui a permis de mettre en \u0153uvre des strat\u00e9gies efficaces qui ont abouti \u00e0 des performances significatives partout o\u00f9 il est pass\u00e9.<\/p>\n<p>Au plan acad\u00e9mique, M\u00e9dard Kengne Kamga est en train de finaliser un MBA en Assurances \u00e0 l\u2019Ecole sup\u00e9rieure des assurances de Paris. Il est \u00e9galement titulaire d\u2019un Master II en Banque et Finance de l\u2019Institut des Relations Internationales du Cameroun (IRIC) et d\u2019un Bachelor in Banking and Finance de l\u2019Universit\u00e9 de Bu\u00e9a (Cameroun).<\/p>\n<p><strong>Lire aussi<\/strong> : <strong><a href=\"https:\/\/ecomatin.net\/assurance-non-vie-atlantic-assurance-cameroun-double-son-chiffre-daffaires-en-2020\/\">Assurance non vie : Atlantic Assurance Cameroun double son chiffre d\u2019affaires en 2020<\/a><\/strong><\/p>\n<p>Au moment o\u00f9 il prend fonction \u00e0 Dakar, les administrateurs de SAAR Assurances S\u00e9n\u00e9gal l\u2019ont charg\u00e9 de \u00ab\u00a0consolider les objectifs de croissance de la compagnie dans le troisi\u00e8me march\u00e9 de la zone de comp\u00e9tence de la Conf\u00e9rence interafricaine des march\u00e9s d\u2019assurance (CIMA)\u00bb.<\/p>\n<p>L\u2019article <a rel=\"nofollow\" href=\"https:\/\/ecomatin.net\/le-camerounais-medard-kamga-nomme-dg-de-saar-assurances-s-senegal\/\">Le camerounais M\u00e9dard Kamga nomm\u00e9 DG de SAAR Assurances S\u00e9n\u00e9gal<\/a> est apparu en premier sur <a rel=\"nofollow\" href=\"https:\/\/ecomatin.net\/\">EcoMatin<\/a>.<\/p>\n<\/div>\n<p>Auteur: Bernard Bangda<br \/>\n<a href=\"https:\/\/ecomatin.net\/le-camerounais-medard-kamga-nomme-dg-de-saar-assurances-s-senegal\/\">Cliquez ici pour lire l&rsquo;article depuis sa source.<\/a><\/p>\n","protected":false},"excerpt":{"rendered":"<p>Selon une note officielle, le Camerounais M\u00e9dard Kengne Kamga est le nouveau Directeur g\u00e9n\u00e9ral (DG) de la compagnie\u00a0SAAR Assurances S\u00e9n\u00e9gal, filiale du groupe panafricain \u00e9ponyme. L\u2019homme de 41 ans a pris fonction \u00e0 la t\u00eate de cette compagnie le 1er\u00a0janvier 2022. Avant sa nomination au S\u00e9n\u00e9gal, il a assum\u00e9 les m\u00eames fonctions, toujours dans la [&hellip;]<\/p>\n","protected":false},"author":1969,"featured_media":0,"comment_status":"closed","ping_status":"closed","sticky":false,"template":"","format":"standard","meta":{"fifu_image_url":"","fifu_image_alt":"","footnotes":""},"categories":[82,78],"tags":[],"class_list":["post-140667","post","type-post","status-publish","format-standard","hentry","category-cameroun","category-economie"],"_links":{"self":[{"href":"https:\/\/linitiative.ca\/International\/wp-json\/wp\/v2\/posts\/140667","targetHints":{"allow":["GET"]}}],"collection":[{"href":"https:\/\/linitiative.ca\/International\/wp-json\/wp\/v2\/posts"}],"about":[{"href":"https:\/\/linitiative.ca\/International\/wp-json\/wp\/v2\/types\/post"}],"author":[{"embeddable":true,"href":"https:\/\/linitiative.ca\/International\/wp-json\/wp\/v2\/users\/1969"}],"replies":[{"embeddable":true,"href":"https:\/\/linitiative.ca\/International\/wp-json\/wp\/v2\/comments?post=140667"}],"version-history":[{"count":0,"href":"https:\/\/linitiative.ca\/International\/wp-json\/wp\/v2\/posts\/140667\/revisions"}],"wp:attachment":[{"href":"https:\/\/linitiative.ca\/International\/wp-json\/wp\/v2\/media?parent=140667"}],"wp:term":[{"taxonomy":"category","embeddable":true,"href":"https:\/\/linitiative.ca\/International\/wp-json\/wp\/v2\/categories?post=140667"},{"taxonomy":"post_tag","embeddable":true,"href":"https:\/\/linitiative.ca\/International\/wp-json\/wp\/v2\/tags?post=140667"}],"curies":[{"name":"wp","href":"https:\/\/api.w.org\/{rel}","templated":true}]}}