{"id":140670,"date":"2022-02-12T05:22:25","date_gmt":"2022-02-12T10:22:25","guid":{"rendered":"https:\/\/linitiative.ca\/International\/retours-des-vacances-scolaires-adm-recommande-a-ses-usagers-dorganiser-au-prealable-leurs-deplacements\/"},"modified":"2022-02-12T05:22:25","modified_gmt":"2022-02-12T10:22:25","slug":"retours-des-vacances-scolaires-adm-recommande-a-ses-usagers-dorganiser-au-prealable-leurs-deplacements","status":"publish","type":"post","link":"https:\/\/linitiative.ca\/International\/retours-des-vacances-scolaires-adm-recommande-a-ses-usagers-dorganiser-au-prealable-leurs-deplacements\/","title":{"rendered":"Retours des vacances scolaires: ADM recommande \u00e0 ses usagers d\u2019organiser au pr\u00e9alable leurs d\u00e9placements"},"content":{"rendered":"<div>\n<p><img loading=\"lazy\" decoding=\"async\" width=\"300\" height=\"153\" src=\"https:\/\/linitiative.ca\/International\/wp-content\/uploads\/sites\/23\/2022\/02\/ADM-Autoroute-du-Maroc-300x153-1.jpg\" class=\"attachment-medium size-medium wp-post-image\" alt=\"\" srcset=\"https:\/\/linitiative.ca\/International\/wp-content\/uploads\/sites\/23\/2022\/02\/ADM-Autoroute-du-Maroc-300x153-1.jpg 300w, https:\/\/aujourdhui.ma\/wp-content\/uploads\/2021\/01\/ADM-Autoroute-du-Maroc-274x140.jpg 274w, https:\/\/aujourdhui.ma\/wp-content\/uploads\/2021\/01\/ADM-Autoroute-du-Maroc.jpg 746w, https:\/\/aujourdhui.ma\/wp-content\/uploads\/2021\/01\/ADM-Autoroute-du-Maroc-165x84.jpg 165w, https:\/\/aujourdhui.ma\/wp-content\/uploads\/2021\/01\/ADM-Autoroute-du-Maroc-702x358.jpg 702w\" sizes=\"auto, (max-width: 300px) 100vw, 300px\"><\/p>\n<p><strong>\u00c0 l\u2019occasion des retours des vacances scolaires qui co\u00efncident avec le week-end, la Soci\u00e9t\u00e9 Nationale des Autoroutes du Maroc (ADM) recommande \u00e0 ses clients-usagers d\u2019organiser au pr\u00e9alable leurs d\u00e9placements.<\/strong><span id=\"more-399707\"><\/span><\/p>\n<p>L\u2019ensemble du r\u00e9seau autoroutier conna\u00eetra un trafic important le samedi 12 f\u00e9vrier et le dimanche 13 f\u00e9vrier 2022 entre 16h et 22h, indique la soci\u00e9t\u00e9 dans un communiqu\u00e9, invitant les usagers \u00e0 se renseigner sur l\u2019\u00e9tat instantan\u00e9 du trafic en t\u00e9l\u00e9chargeant l\u2019application ADM TRAFIC, pour un retour s\u00e9curis\u00e9 et confortable.<\/p>\n<p>Elle recommande \u00e9galement de v\u00e9rifier le solde restant sur le Pass Jawaz et proc\u00e9der \u00e0 sa recharge avant d\u2019emprunter l\u2019autoroute, pr\u00e9cise le communiqu\u00e9.<\/p>\n<p>ADM conseille \u00e0 ses clients-usagers aussi de prendre des pauses toutes les deux heures et contr\u00f4ler l\u2019\u00e9tat des pneus, en plus de faire preuve de vigilance, en passant par des zones connaissant une recrudescence du brouillard ou des pr\u00e9cipitations qui r\u00e9duisent la visibilit\u00e9 et alt\u00e8rent la perception des distances.<\/p>\n<p>Il est \u00e9galement recommand\u00e9 de r\u00e9duire la vitesse, maintenir la distance de s\u00e9curit\u00e9, et allumer les feux n\u00e9cessaires du v\u00e9hicule m\u00eame en plein jour.<\/p>\n<p>Pour plus d\u2019informations, ADM met \u00e0 la disposition des ses usagers le num\u00e9ro 5050.<\/p>\n<\/div>\n<p>Auteur: ALM<br \/>\n<a href=\"https:\/\/aujourdhui.ma\/actualite\/retours-des-vacances-scolaires-adm-recommande-a-ses-usagers-dorganiser-au-prealable-leurs-deplacements\">Cliquez ici pour lire l&rsquo;article depuis sa source.<\/a><\/p>\n","protected":false},"excerpt":{"rendered":"<p>\u00c0 l\u2019occasion des retours des vacances scolaires qui co\u00efncident avec le week-end, la Soci\u00e9t\u00e9 Nationale des Autoroutes du Maroc (ADM) recommande \u00e0 ses clients-usagers d\u2019organiser au pr\u00e9alable leurs d\u00e9placements. L\u2019ensemble du r\u00e9seau autoroutier conna\u00eetra un trafic important le samedi 12 f\u00e9vrier et le dimanche 13 f\u00e9vrier 2022 entre 16h et 22h, indique la soci\u00e9t\u00e9 dans [&hellip;]<\/p>\n","protected":false},"author":1759,"featured_media":0,"comment_status":"closed","ping_status":"closed","sticky":false,"template":"","format":"standard","meta":{"fifu_image_url":"https:\/\/aujourdhui.ma\/wp-content\/uploads\/2021\/01\/ADM-Autoroute-du-Maroc-300x153.jpg","fifu_image_alt":"Retours des vacances scolaires: ADM recommande \u00e0 ses usagers d\u2019organiser au pr\u00e9alable leurs d\u00e9placements","footnotes":""},"categories":[73,54],"tags":[],"class_list":["post-140670","post","type-post","status-publish","format-standard","hentry","category-actualite","category-maroc"],"_links":{"self":[{"href":"https:\/\/linitiative.ca\/International\/wp-json\/wp\/v2\/posts\/140670","targetHints":{"allow":["GET"]}}],"collection":[{"href":"https:\/\/linitiative.ca\/International\/wp-json\/wp\/v2\/posts"}],"about":[{"href":"https:\/\/linitiative.ca\/International\/wp-json\/wp\/v2\/types\/post"}],"author":[{"embeddable":true,"href":"https:\/\/linitiative.ca\/International\/wp-json\/wp\/v2\/users\/1759"}],"replies":[{"embeddable":true,"href":"https:\/\/linitiative.ca\/International\/wp-json\/wp\/v2\/comments?post=140670"}],"version-history":[{"count":0,"href":"https:\/\/linitiative.ca\/International\/wp-json\/wp\/v2\/posts\/140670\/revisions"}],"wp:attachment":[{"href":"https:\/\/linitiative.ca\/International\/wp-json\/wp\/v2\/media?parent=140670"}],"wp:term":[{"taxonomy":"category","embeddable":true,"href":"https:\/\/linitiative.ca\/International\/wp-json\/wp\/v2\/categories?post=140670"},{"taxonomy":"post_tag","embeddable":true,"href":"https:\/\/linitiative.ca\/International\/wp-json\/wp\/v2\/tags?post=140670"}],"curies":[{"name":"wp","href":"https:\/\/api.w.org\/{rel}","templated":true}]}}