{"id":140672,"date":"2022-02-12T08:00:26","date_gmt":"2022-02-12T13:00:26","guid":{"rendered":"https:\/\/linitiative.ca\/International\/du-19-fevrier-au-23-mars-rajae-lahlou-revele-sa-renaissance-chez-living-4-art\/"},"modified":"2022-02-12T08:00:26","modified_gmt":"2022-02-12T13:00:26","slug":"du-19-fevrier-au-23-mars-rajae-lahlou-revele-sa-renaissance-chez-living-4-art","status":"publish","type":"post","link":"https:\/\/linitiative.ca\/International\/du-19-fevrier-au-23-mars-rajae-lahlou-revele-sa-renaissance-chez-living-4-art\/","title":{"rendered":"Du 19 f\u00e9vrier au 23 mars: Rajae Lahlou r\u00e9v\u00e8le sa \u00abRenaissance\u00bb chez Living 4 Art"},"content":{"rendered":"<div>\n<p><img loading=\"lazy\" decoding=\"async\" width=\"300\" height=\"153\" src=\"https:\/\/linitiative.ca\/International\/wp-content\/uploads\/sites\/23\/2022\/02\/Du-19-fevrier-au-23-mars-Rajae-Lahlou-revele-sa-Renaissance-chez-Living-4-Art-300x153-1.jpg\" class=\"attachment-medium size-medium wp-post-image\" alt=\"\" srcset=\"https:\/\/linitiative.ca\/International\/wp-content\/uploads\/sites\/23\/2022\/02\/Du-19-fevrier-au-23-mars-Rajae-Lahlou-revele-sa-Renaissance-chez-Living-4-Art-300x153-1.jpg 300w, https:\/\/aujourdhui.ma\/wp-content\/uploads\/2022\/02\/Du-19-fevrier-au-23-mars-Rajae-Lahlou-revele-sa-Renaissance-chez-Living-4-Art-274x140.jpg 274w, https:\/\/aujourdhui.ma\/wp-content\/uploads\/2022\/02\/Du-19-fevrier-au-23-mars-Rajae-Lahlou-revele-sa-Renaissance-chez-Living-4-Art.jpg 746w, https:\/\/aujourdhui.ma\/wp-content\/uploads\/2022\/02\/Du-19-fevrier-au-23-mars-Rajae-Lahlou-revele-sa-Renaissance-chez-Living-4-Art-165x84.jpg 165w, https:\/\/aujourdhui.ma\/wp-content\/uploads\/2022\/02\/Du-19-fevrier-au-23-mars-Rajae-Lahlou-revele-sa-Renaissance-chez-Living-4-Art-702x358.jpg 702w\" sizes=\"auto, (max-width: 300px) 100vw, 300px\"><\/p>\n<p><span style=\"color: #800000;\"><strong>L\u2019artiste plasticienne marocaine Rajae Lahlou r\u00e9v\u00e9lera \u00e0 partir du 19 fe\u0301vrier sa \u00abRenaissance\u00bb le temps d\u2019une exposition individuelle qui se poursuivra jusqu\u2019au 23 mars \u00e0 la galerie d\u2019art casablancaise Living 4 Art.<\/strong><\/span><span id=\"more-399609\"><\/span><\/p>\n<p>\u00abRenaissance, renouveau, re\u0301incarnation\u2026. Tellement de fac\u0327ons de de\u0301crire un nouvel essor, un nouveau de\u0301part. Tel le Phoenix qui rena\u00eet de ses cendres, l\u2019Homme peut lui aussi repartir de ze\u0301ro. Malgre\u0301 les e\u0301checs et les pe\u0301riodes de crise, avec de la conviction et de la foi, il est possible de rena\u00eetre et de se surpasser \u00bb, exalte la galerie \u00e0 propos de ce th\u00e8me. Pour cet espace d\u2019art, la renaissance serait ainsi synonyme d\u2019espoir, la conviction d\u2019avoir un futur meilleur. \u00abCar en choisissant d\u2019emprunter ce sentier, l\u2019on peut finalement voir la lumie\u0300re au bout du tunnel\u00bb, explicite Living 4 Art. Quant aux oeuvres de l\u2019artiste, elles sont, selon cet espace, profonde\u0301ment imbibe\u0301es par cette notion de renouveau et de seconde chance. En effet, les silhouettes qui figurent en pre\u0301ponde\u0301rance dans les oeuvres expose\u0301es sont, pour cet espace, une repre\u0301sentation symbolique des choix que doivent faire les personnes pour aller de l\u2019avant et essayer de laisser le passe\u0301 derrie\u0300re elles.<\/p>\n<p>\u00abCar c\u2019est souvent a\u0300 travers les expe\u0301riences les plus e\u0301prouvantes que l\u2019on est capable d\u2019e\u0301voluer et d\u2019apprendre \u00bb, avance la galerie qui estime que ce n\u2019est cependant pas le seul moyen de rena\u00eetre au niveau spirituel. Au sens de Living 4 Art, le bonheur peut lui aussi e\u0302tre un puissant catalyseur de changement \u00abessayant de toujours se surpasser pour e\u0302tre a\u0300 la hauteur des attentes des e\u0302tres qui nous sont chers, ou tout simplement pour re\u0301pondre au de\u0301sir d\u2019accomplissement personnel\u00bb. \u00abToutes ces facettes entrent en parfaite harmonie dans les repre\u0301sentations de Rajae Lahlou et font appel a\u0300 l\u2019optimiste qui sommeille en chacun de nous et qui re\u0302ve d\u2019un avenir meilleur malgre\u0301 le lourd fardeau qu\u2019est la re\u0301alite\u0301 dans laquelle l\u2019on vit\u00bb, encha\u00eene la m\u00eame source.<\/p>\n<p>Influence\u0301e depuis son plus jeune a\u0302ge par l\u2019environnement de la ville de Fe\u0300s qui est, comme le raconte la galerie, sa ville natale, Rajae Lahlou a toujours porte\u0301 de l\u2019inte\u0301re\u0302t \u00e0 l\u2019art dans ses diverses formes. Passionne\u0301e de romans, musique, cine\u0301ma et de poe\u0301sie, c\u2019est dans la peinture qu\u2019elle trouve son re\u0301confort, une discipline qui lui permet de s\u2019exprimer librement sans se soucier des normes et diktats impose\u0301s par la socie\u0301te\u0301. \u00abChaque personne contemplant les oeuvres de Rajae Lahlou trouve dans ses tableaux sa propre ve\u0301rite\u0301, car au final, ses oeuvres sont un voyage, une sorte de pe\u0300lerinage qui permet de se retrouver avec soi-me\u0302me, et de voir au plus profond de son a\u0302me, a\u0300 l\u2019image d\u2019un miroir ou d\u2019un e\u0301cho lointain\u00bb, ajoute la m\u00eame source. Aussi, l\u2019univers artistique de Lahlou Rajae est \u00abde\u0301peint par un large spectre de couleurs synonyme des e\u0301motions qu\u2019elle cherche a\u0300 nous transmettre de par ses toiles\u00bb.<\/p>\n<p>\u00abC\u2019est alors une ve\u0301ritable montagne russe d\u2019e\u0301motions et de sentiments que l\u2019on ressent lorsque l\u2019on contemple ses oeuvres, allant de la me\u0301lancolie, la tristesse et le spleen repre\u0301sente\u0301s par les couleurs sombres, a\u0300 la joie et l\u2019extase symbolise\u0301s par des couleurs vives, stimulantes et pleines de vie. C\u2019est ainsi que tous ces aspects entrent en parfaite harmonie dans les oeuvres de Rajae Lahlou pour cre\u0301er une toile atypique, singulie\u0300re, diffe\u0301rente des autres, une toile qui de\u0301gage une chaleur humaine car ce n\u2019est qu\u2019en l\u2019admirant que l\u2019on ressent un re\u0301confort ne\u0301 du plus profond de nous-me\u0302me\u00bb, conclut Living 4 Art.<\/p>\n<\/div>\n<p>Auteur: ALM<br \/>\n<a href=\"https:\/\/aujourdhui.ma\/culture\/du-19-fevrier-au-23-mars-rajae-lahlou-revele-sa-renaissance-chez-living-4-art\">Cliquez ici pour lire l&rsquo;article depuis sa source.<\/a><\/p>\n","protected":false},"excerpt":{"rendered":"<p>L\u2019artiste plasticienne marocaine Rajae Lahlou r\u00e9v\u00e9lera \u00e0 partir du 19 fe\u0301vrier sa \u00abRenaissance\u00bb le temps d\u2019une exposition individuelle qui se poursuivra jusqu\u2019au 23 mars \u00e0 la galerie d\u2019art casablancaise Living 4 Art. \u00abRenaissance, renouveau, re\u0301incarnation\u2026. Tellement de fac\u0327ons de de\u0301crire un nouvel essor, un nouveau de\u0301part. Tel le Phoenix qui rena\u00eet de ses cendres, l\u2019Homme [&hellip;]<\/p>\n","protected":false},"author":1759,"featured_media":0,"comment_status":"closed","ping_status":"closed","sticky":false,"template":"","format":"standard","meta":{"fifu_image_url":"https:\/\/aujourdhui.ma\/wp-content\/uploads\/2022\/02\/Du-19-fevrier-au-23-mars-Rajae-Lahlou-revele-sa-Renaissance-chez-Living-4-Art-300x153.jpg","fifu_image_alt":"Du 19 f\u00e9vrier au 23 mars: Rajae Lahlou r\u00e9v\u00e8le sa \u00abRenaissance\u00bb chez Living 4 Art","footnotes":""},"categories":[73,54],"tags":[],"class_list":["post-140672","post","type-post","status-publish","format-standard","hentry","category-actualite","category-maroc"],"_links":{"self":[{"href":"https:\/\/linitiative.ca\/International\/wp-json\/wp\/v2\/posts\/140672","targetHints":{"allow":["GET"]}}],"collection":[{"href":"https:\/\/linitiative.ca\/International\/wp-json\/wp\/v2\/posts"}],"about":[{"href":"https:\/\/linitiative.ca\/International\/wp-json\/wp\/v2\/types\/post"}],"author":[{"embeddable":true,"href":"https:\/\/linitiative.ca\/International\/wp-json\/wp\/v2\/users\/1759"}],"replies":[{"embeddable":true,"href":"https:\/\/linitiative.ca\/International\/wp-json\/wp\/v2\/comments?post=140672"}],"version-history":[{"count":0,"href":"https:\/\/linitiative.ca\/International\/wp-json\/wp\/v2\/posts\/140672\/revisions"}],"wp:attachment":[{"href":"https:\/\/linitiative.ca\/International\/wp-json\/wp\/v2\/media?parent=140672"}],"wp:term":[{"taxonomy":"category","embeddable":true,"href":"https:\/\/linitiative.ca\/International\/wp-json\/wp\/v2\/categories?post=140672"},{"taxonomy":"post_tag","embeddable":true,"href":"https:\/\/linitiative.ca\/International\/wp-json\/wp\/v2\/tags?post=140672"}],"curies":[{"name":"wp","href":"https:\/\/api.w.org\/{rel}","templated":true}]}}