{"id":140684,"date":"2022-02-12T07:55:29","date_gmt":"2022-02-12T12:55:29","guid":{"rendered":"https:\/\/linitiative.ca\/International\/previsions-meteorologiques-pour-le-dimanche-13-fevrier-2022\/"},"modified":"2022-02-12T07:55:29","modified_gmt":"2022-02-12T12:55:29","slug":"previsions-meteorologiques-pour-le-dimanche-13-fevrier-2022","status":"publish","type":"post","link":"https:\/\/linitiative.ca\/International\/previsions-meteorologiques-pour-le-dimanche-13-fevrier-2022\/","title":{"rendered":"Pr\u00e9visions m\u00e9t\u00e9orologiques pour le dimanche 13 f\u00e9vrier 2022"},"content":{"rendered":"<div>\n<div style=\"margin-bottom:20px;\"><img loading=\"lazy\" decoding=\"async\" width=\"750\" height=\"430\" src=\"https:\/\/linitiative.ca\/International\/wp-content\/uploads\/sites\/23\/2022\/02\/nuages.jpg\" class=\"attachment-post-thumbnail size-post-thumbnail wp-post-image\" alt=\"\" srcset=\"https:\/\/linitiative.ca\/International\/wp-content\/uploads\/sites\/23\/2022\/02\/nuages.jpg 750w, https:\/\/www.mapmarrakech.ma\/map\/uploads\/2021\/11\/nuages-300x172.jpg 300w\" sizes=\"auto, (max-width: 750px) 100vw, 750px\"><\/div>\n<p>\u2013 Temps assez froid la nuit et la matin\u00e9e sur l\u2019Atlas, le Rif, le Sud-Est, les plateaux de Phosphates et l\u2019Oriental avec gel\u00e9e locale.<\/p>\n<p>\u2013 Formations brumeuses sur les plaines Atlantiques Nord, les c\u00f4tes Centre et le Nord de l\u2019Oriental et des provinces Sud.<\/p>\n<p>\u2013 Temps stable et ciel clair \u00e0 peu nuageux.<\/p>\n<p>\u2013 Quelques chasse-poussi\u00e8res sur l\u2019extr\u00eame Sud.<\/p>\n<p>\u2013 Vent mod\u00e9r\u00e9 d\u2019Est sur l\u2019extr\u00eame Sud.<\/p>\n<p>\u2013 Temp\u00e9ratures minimales de l\u2019ordre de -04\/02\u00b0C sur l\u2019Atlas, de 00\/06\u00b0C sur le Rif, l\u2019Oriental, les plateaux de Phosphates et le Sud-Est, de 05\/11\u00b0C sur les plaines Nord et Centre, 08\/14\u00b0C sur le Souss et le Nord-Est des provinces Sud et de 15\/18\u00b0C sur le reste des provinces Sud.<\/p>\n<p>\u2013 Temp\u00e9ratures du jour en l\u00e9g\u00e8re baisse sur le Sud et en l\u00e9g\u00e8re hausse ailleurs.<\/p>\n<p>\u2013 Mer belle \u00e0 peu agit\u00e9e sur la M\u00e9diterran\u00e9e, peu agit\u00e9e \u00e0 agit\u00e9e sur le d\u00e9troit, peu agit\u00e9e entre Cap Spartel et Mehdia, agit\u00e9e entre Cap Cantin et Trafaya ainsi que peu agit\u00e9e ailleurs.<\/p>\n<p>The post <a rel=\"nofollow\" href=\"https:\/\/www.mapmarrakech.ma\/fr\/previsions-meteorologiques-pour-le-dimanche-13-fevrier-2022\/\">Pr\u00e9visions m\u00e9t\u00e9orologiques pour le dimanche 13 f\u00e9vrier 2022<\/a> appeared first on <a rel=\"nofollow\" href=\"https:\/\/www.mapmarrakech.ma\/fr\">MapMarrakech<\/a>.<\/p>\n<\/div>\n<p>Auteur: Meriem IGASS<br \/>\n<a href=\"https:\/\/www.mapmarrakech.ma\/fr\/previsions-meteorologiques-pour-le-dimanche-13-fevrier-2022\/\">Cliquez ici pour lire l&rsquo;article depuis sa source.<\/a><\/p>\n","protected":false},"excerpt":{"rendered":"<p>\u2013 Temps assez froid la nuit et la matin\u00e9e sur l\u2019Atlas, le Rif, le Sud-Est, les plateaux de Phosphates et l\u2019Oriental avec gel\u00e9e locale. \u2013 Formations brumeuses sur les plaines Atlantiques Nord, les c\u00f4tes Centre et le Nord de l\u2019Oriental et des provinces Sud. \u2013 Temps stable et ciel clair \u00e0 peu nuageux. \u2013 Quelques [&hellip;]<\/p>\n","protected":false},"author":1788,"featured_media":0,"comment_status":"closed","ping_status":"closed","sticky":false,"template":"","format":"standard","meta":{"fifu_image_url":"https:\/\/www.mapmarrakech.ma\/map\/uploads\/2021\/11\/nuages.jpg","fifu_image_alt":"Pr\u00e9visions m\u00e9t\u00e9orologiques pour le dimanche 13 f\u00e9vrier 2022","footnotes":""},"categories":[54,76],"tags":[],"class_list":["post-140684","post","type-post","status-publish","format-standard","hentry","category-maroc","category-regions"],"_links":{"self":[{"href":"https:\/\/linitiative.ca\/International\/wp-json\/wp\/v2\/posts\/140684","targetHints":{"allow":["GET"]}}],"collection":[{"href":"https:\/\/linitiative.ca\/International\/wp-json\/wp\/v2\/posts"}],"about":[{"href":"https:\/\/linitiative.ca\/International\/wp-json\/wp\/v2\/types\/post"}],"author":[{"embeddable":true,"href":"https:\/\/linitiative.ca\/International\/wp-json\/wp\/v2\/users\/1788"}],"replies":[{"embeddable":true,"href":"https:\/\/linitiative.ca\/International\/wp-json\/wp\/v2\/comments?post=140684"}],"version-history":[{"count":0,"href":"https:\/\/linitiative.ca\/International\/wp-json\/wp\/v2\/posts\/140684\/revisions"}],"wp:attachment":[{"href":"https:\/\/linitiative.ca\/International\/wp-json\/wp\/v2\/media?parent=140684"}],"wp:term":[{"taxonomy":"category","embeddable":true,"href":"https:\/\/linitiative.ca\/International\/wp-json\/wp\/v2\/categories?post=140684"},{"taxonomy":"post_tag","embeddable":true,"href":"https:\/\/linitiative.ca\/International\/wp-json\/wp\/v2\/tags?post=140684"}],"curies":[{"name":"wp","href":"https:\/\/api.w.org\/{rel}","templated":true}]}}