{"id":140688,"date":"2022-02-12T07:33:26","date_gmt":"2022-02-12T12:33:26","guid":{"rendered":"https:\/\/linitiative.ca\/International\/covid-19-la-norvege-supprime-ses-dernieres-restrictions\/"},"modified":"2022-02-12T07:33:26","modified_gmt":"2022-02-12T12:33:26","slug":"covid-19-la-norvege-supprime-ses-dernieres-restrictions","status":"publish","type":"post","link":"https:\/\/linitiative.ca\/International\/covid-19-la-norvege-supprime-ses-dernieres-restrictions\/","title":{"rendered":"Covid-19: La Norv\u00e8ge supprime ses derni\u00e8res restrictions"},"content":{"rendered":"<div>\n<div class=\"field field-name-body field-type-text-with-summary field-label-hidden\">\n<div class=\"field-items\">\n<div class=\"field-item even\" property=\"content:encoded\">\n<p class=\"rtejustify\">La Norv\u00e8ge a supprim\u00e9, samedi, les consignes de distanciation sociale ainsi que le port du masque dans les espaces bond\u00e9s, mettant ainsi fin \u00e0 ses derni\u00e8res restrictions anti-Covid.<\/p>\n<\/div>\n<\/div>\n<\/div>\n<\/div>\n<p>Auteur: mbasraoui<br \/>\n<a href=\"https:\/\/www.leconomiste.com\/flash-infos\/covid-19-la-norvege-supprime-ses-dernieres-restrictions\">Cliquez ici pour lire l&rsquo;article depuis sa source.<\/a><\/p>\n","protected":false},"excerpt":{"rendered":"<p>La Norv\u00e8ge a supprim\u00e9, samedi, les consignes de distanciation sociale ainsi que le port du masque dans les espaces bond\u00e9s, mettant ainsi fin \u00e0 ses derni\u00e8res restrictions anti-Covid. Auteur: mbasraoui Cliquez ici pour lire l&rsquo;article depuis sa source.<\/p>\n","protected":false},"author":1763,"featured_media":0,"comment_status":"closed","ping_status":"closed","sticky":false,"template":"","format":"standard","meta":{"fifu_image_url":"","fifu_image_alt":"","footnotes":""},"categories":[78,54],"tags":[],"class_list":["post-140688","post","type-post","status-publish","format-standard","hentry","category-economie","category-maroc"],"_links":{"self":[{"href":"https:\/\/linitiative.ca\/International\/wp-json\/wp\/v2\/posts\/140688","targetHints":{"allow":["GET"]}}],"collection":[{"href":"https:\/\/linitiative.ca\/International\/wp-json\/wp\/v2\/posts"}],"about":[{"href":"https:\/\/linitiative.ca\/International\/wp-json\/wp\/v2\/types\/post"}],"author":[{"embeddable":true,"href":"https:\/\/linitiative.ca\/International\/wp-json\/wp\/v2\/users\/1763"}],"replies":[{"embeddable":true,"href":"https:\/\/linitiative.ca\/International\/wp-json\/wp\/v2\/comments?post=140688"}],"version-history":[{"count":0,"href":"https:\/\/linitiative.ca\/International\/wp-json\/wp\/v2\/posts\/140688\/revisions"}],"wp:attachment":[{"href":"https:\/\/linitiative.ca\/International\/wp-json\/wp\/v2\/media?parent=140688"}],"wp:term":[{"taxonomy":"category","embeddable":true,"href":"https:\/\/linitiative.ca\/International\/wp-json\/wp\/v2\/categories?post=140688"},{"taxonomy":"post_tag","embeddable":true,"href":"https:\/\/linitiative.ca\/International\/wp-json\/wp\/v2\/tags?post=140688"}],"curies":[{"name":"wp","href":"https:\/\/api.w.org\/{rel}","templated":true}]}}