{"id":140689,"date":"2022-02-12T10:56:39","date_gmt":"2022-02-12T15:56:39","guid":{"rendered":"https:\/\/linitiative.ca\/International\/le-maroc-appelle-ses-ressortissants-a-quitter-lukraine\/"},"modified":"2022-02-12T10:56:39","modified_gmt":"2022-02-12T15:56:39","slug":"le-maroc-appelle-ses-ressortissants-a-quitter-lukraine","status":"publish","type":"post","link":"https:\/\/linitiative.ca\/International\/le-maroc-appelle-ses-ressortissants-a-quitter-lukraine\/","title":{"rendered":"Le Maroc appelle ses ressortissants \u00e0 quitter l&rsquo;Ukraine"},"content":{"rendered":"<div>\n<div class=\"field field-name-body field-type-text-with-summary field-label-hidden\">\n<div class=\"field-items\">\n<div class=\"field-item even\" property=\"content:encoded\">\n<p>L&rsquo;Ambassade du Royaume du Maroc \u00e0 Kiev a recommand\u00e9 samedi aux citoyens marocains se trouvant en Ukraine de quitter le pays pour leur s\u00e9curit\u00e9.<\/p>\n<p>\u00ab\u00a0A la lumi\u00e8re de la situation actuelle, l\u2019Ambassade du Royaume du Maroc \u00e0 Kiev recommande aux citoyens marocains se trouvant en Ukraine de quitter le pays pour leur s\u00e9curit\u00e9 via les vols commerciaux disponibles\u00a0\u00bb, pr\u00e9cise un communiqu\u00e9 de la repr\u00e9sentation diplomatique.<\/p>\n<p>L\u2019Ambassade appelle \u00e9galement les citoyens marocains d\u00e9sireux de se rendre en Ukraine \u00e0 reporter leur voyage \u00e0 l\u2019heure actuelle, selon la m\u00eame source.<\/p>\n<\/div>\n<\/div>\n<\/div>\n<\/div>\n<p>Auteur: mbasraoui<br \/>\n<a href=\"https:\/\/www.leconomiste.com\/flash-infos\/le-maroc-appelle-ses-ressortissants-quitter-l-ukraine\">Cliquez ici pour lire l&rsquo;article depuis sa source.<\/a><\/p>\n","protected":false},"excerpt":{"rendered":"<p>L&rsquo;Ambassade du Royaume du Maroc \u00e0 Kiev a recommand\u00e9 samedi aux citoyens marocains se trouvant en Ukraine de quitter le pays pour leur s\u00e9curit\u00e9. \u00ab\u00a0A la lumi\u00e8re de la situation actuelle, l\u2019Ambassade du Royaume du Maroc \u00e0 Kiev recommande aux citoyens marocains se trouvant en Ukraine de quitter le pays pour leur s\u00e9curit\u00e9 via les [&hellip;]<\/p>\n","protected":false},"author":1763,"featured_media":0,"comment_status":"closed","ping_status":"closed","sticky":false,"template":"","format":"standard","meta":{"fifu_image_url":"","fifu_image_alt":"","footnotes":""},"categories":[78,54],"tags":[],"class_list":["post-140689","post","type-post","status-publish","format-standard","hentry","category-economie","category-maroc"],"_links":{"self":[{"href":"https:\/\/linitiative.ca\/International\/wp-json\/wp\/v2\/posts\/140689","targetHints":{"allow":["GET"]}}],"collection":[{"href":"https:\/\/linitiative.ca\/International\/wp-json\/wp\/v2\/posts"}],"about":[{"href":"https:\/\/linitiative.ca\/International\/wp-json\/wp\/v2\/types\/post"}],"author":[{"embeddable":true,"href":"https:\/\/linitiative.ca\/International\/wp-json\/wp\/v2\/users\/1763"}],"replies":[{"embeddable":true,"href":"https:\/\/linitiative.ca\/International\/wp-json\/wp\/v2\/comments?post=140689"}],"version-history":[{"count":0,"href":"https:\/\/linitiative.ca\/International\/wp-json\/wp\/v2\/posts\/140689\/revisions"}],"wp:attachment":[{"href":"https:\/\/linitiative.ca\/International\/wp-json\/wp\/v2\/media?parent=140689"}],"wp:term":[{"taxonomy":"category","embeddable":true,"href":"https:\/\/linitiative.ca\/International\/wp-json\/wp\/v2\/categories?post=140689"},{"taxonomy":"post_tag","embeddable":true,"href":"https:\/\/linitiative.ca\/International\/wp-json\/wp\/v2\/tags?post=140689"}],"curies":[{"name":"wp","href":"https:\/\/api.w.org\/{rel}","templated":true}]}}