{"id":140700,"date":"2022-02-12T04:52:00","date_gmt":"2022-02-12T09:52:00","guid":{"rendered":"https:\/\/linitiative.ca\/International\/laroussi-amri-libertes-individuelles-vs-devoirs-collectifs-dont-nationaux\/"},"modified":"2022-02-12T04:52:00","modified_gmt":"2022-02-12T09:52:00","slug":"laroussi-amri-libertes-individuelles-vs-devoirs-collectifs-dont-nationaux","status":"publish","type":"post","link":"https:\/\/linitiative.ca\/International\/laroussi-amri-libertes-individuelles-vs-devoirs-collectifs-dont-nationaux\/","title":{"rendered":"Laroussi Amri: Libert\u00e9s individuelles vs  devoirs collectifs (dont nationaux)"},"content":{"rendered":"<div><img decoding=\"async\" src=\"https:\/\/linitiative.ca\/International\/wp-content\/uploads\/sites\/23\/2022\/02\/1644660727_article.jpg\" alt=\"Libert\u00e9s individuelles et devoirs collectifs\" align=\"left\">Toute la d\u00e9b\u00e2cle que connait le pays en termes d\u2019infrastructures, de biens socio-collectifs, d\u2019espaces publics d\u00e9labr\u00e9s, d\u2019\u00e9difices publics abandonn\u00e9s \u00e0 leur sort, etc. est en grande partie li\u00e9e au fait qu\u2019on a perdu confiance en l\u2019Etat. Cette confiance a \u00e9t\u00e9 plut\u00f4t accord\u00e9e \u00e0 l\u2019individu. L\u2019initiative priv\u00e9e a \u00e9t\u00e9 magnifi\u00e9e au d\u00e9triment du projet \u00e9tatique. C\u2019est ainsi que les \u00e9conomies ont \u00e9t\u00e9 lib\u00e9ralis\u00e9es, les patrimoines nationaux privatis\u00e9s, les mesures de libert\u00e9 de vendre et d\u2019acheter, de fixer les prix et de donner la libert\u00e9 aux consommateurs de s\u2019organiser, en dehors de toute intervention \u00e9tatique majeure. La th\u00e9orie lib\u00e9rale est &#8230;<\/p>\n<\/div>\n<p>Auteur:<br \/>\n<a href=\"https:\/\/www.leaders.com.tn\/article\/32959-libertes-individuelles-et-devoirs-collectifs\">Cliquez ici pour lire l&rsquo;article depuis sa source.<\/a><\/p>\n","protected":false},"excerpt":{"rendered":"<p>Toute la d\u00e9b\u00e2cle que connait le pays en termes d\u2019infrastructures, de biens socio-collectifs, d\u2019espaces publics d\u00e9labr\u00e9s, d\u2019\u00e9difices publics abandonn\u00e9s \u00e0 leur sort, etc. est en grande partie li\u00e9e au fait qu\u2019on a perdu confiance en l\u2019Etat. Cette confiance a \u00e9t\u00e9 plut\u00f4t accord\u00e9e \u00e0 l\u2019individu. L\u2019initiative priv\u00e9e a \u00e9t\u00e9 magnifi\u00e9e au d\u00e9triment du projet \u00e9tatique. C\u2019est [&hellip;]<\/p>\n","protected":false},"author":1772,"featured_media":0,"comment_status":"closed","ping_status":"closed","sticky":false,"template":"","format":"standard","meta":{"fifu_image_url":"http:\/\/www.leaders.com.tn\/uploads\/content\/thumbnails_small\/1644660727_article.jpg","fifu_image_alt":"Laroussi Amri: Libert\u00e9s individuelles vs  devoirs collectifs (dont nationaux)","footnotes":""},"categories":[73,55],"tags":[],"class_list":["post-140700","post","type-post","status-publish","format-standard","hentry","category-actualite","category-tunisie"],"_links":{"self":[{"href":"https:\/\/linitiative.ca\/International\/wp-json\/wp\/v2\/posts\/140700","targetHints":{"allow":["GET"]}}],"collection":[{"href":"https:\/\/linitiative.ca\/International\/wp-json\/wp\/v2\/posts"}],"about":[{"href":"https:\/\/linitiative.ca\/International\/wp-json\/wp\/v2\/types\/post"}],"author":[{"embeddable":true,"href":"https:\/\/linitiative.ca\/International\/wp-json\/wp\/v2\/users\/1772"}],"replies":[{"embeddable":true,"href":"https:\/\/linitiative.ca\/International\/wp-json\/wp\/v2\/comments?post=140700"}],"version-history":[{"count":0,"href":"https:\/\/linitiative.ca\/International\/wp-json\/wp\/v2\/posts\/140700\/revisions"}],"wp:attachment":[{"href":"https:\/\/linitiative.ca\/International\/wp-json\/wp\/v2\/media?parent=140700"}],"wp:term":[{"taxonomy":"category","embeddable":true,"href":"https:\/\/linitiative.ca\/International\/wp-json\/wp\/v2\/categories?post=140700"},{"taxonomy":"post_tag","embeddable":true,"href":"https:\/\/linitiative.ca\/International\/wp-json\/wp\/v2\/tags?post=140700"}],"curies":[{"name":"wp","href":"https:\/\/api.w.org\/{rel}","templated":true}]}}