{"id":140709,"date":"2022-02-12T08:58:41","date_gmt":"2022-02-12T13:58:41","guid":{"rendered":"https:\/\/linitiative.ca\/International\/etalons-du-burkina-les-contrats-de-kamou-malo-et-son-staff-ne-seront-pas-renouveles-fbf\/"},"modified":"2022-02-12T08:58:41","modified_gmt":"2022-02-12T13:58:41","slug":"etalons-du-burkina-les-contrats-de-kamou-malo-et-son-staff-ne-seront-pas-renouveles-fbf","status":"publish","type":"post","link":"https:\/\/linitiative.ca\/International\/etalons-du-burkina-les-contrats-de-kamou-malo-et-son-staff-ne-seront-pas-renouveles-fbf\/","title":{"rendered":"Etalons du Burkina : Les contrats de Kamou Malo et son staff ne seront pas renouvel\u00e9s (FBF)."},"content":{"rendered":"<div>\n<p><strong>La F\u00e9d\u00e9ration burkinab\u00e8 de football (FBF) a annonc\u00e9 ce samedi 12 f\u00e9vrier 2022, que le contrat du s\u00e9lectionneur Kamou Malo et celui des autres membres de l\u2019encadrement technique, ne seront pas renouvel\u00e9s \u00e0 terme, le 28 f\u00e9vrier 2022.<\/strong><\/p>\n<p><img decoding=\"async\" loading=\"lazy\" class=\"alignnone wp-image-45513 size-full\" src=\"https:\/\/linitiative.ca\/International\/wp-content\/uploads\/sites\/23\/2022\/02\/Ph-FBF.jpeg\" alt=\"\" width=\"1080\" height=\"1378\" srcset=\"https:\/\/linitiative.ca\/International\/wp-content\/uploads\/sites\/23\/2022\/02\/Ph-FBF.jpeg 1080w, https:\/\/www.sidwaya.info\/wp-content\/uploads\/2022\/02\/Ph-FBF-235x300.jpeg 235w, https:\/\/www.sidwaya.info\/wp-content\/uploads\/2022\/02\/Ph-FBF-803x1024.jpeg 803w, https:\/\/www.sidwaya.info\/wp-content\/uploads\/2022\/02\/Ph-FBF-768x980.jpeg 768w, https:\/\/www.sidwaya.info\/wp-content\/uploads\/2022\/02\/Ph-FBF-150x191.jpeg 150w, https:\/\/www.sidwaya.info\/wp-content\/uploads\/2022\/02\/Ph-FBF-300x383.jpeg 300w, https:\/\/www.sidwaya.info\/wp-content\/uploads\/2022\/02\/Ph-FBF-696x888.jpeg 696w, https:\/\/www.sidwaya.info\/wp-content\/uploads\/2022\/02\/Ph-FBF-1068x1363.jpeg 1068w, https:\/\/www.sidwaya.info\/wp-content\/uploads\/2022\/02\/Ph-FBF-329x420.jpeg 329w\" sizes=\"auto, (max-width: 1080px) 100vw, 1080px\"><\/p>\n<p>L\u2019article <a rel=\"nofollow\" href=\"https:\/\/www.sidwaya.info\/blog\/2022\/02\/12\/etalons-du-burkina-les-contrats-de-kamou-malo-et-son-staff-ne-seront-pas-renouveles-fbf\/\">Etalons du Burkina : Les contrats de Kamou Malo et son staff ne seront pas renouvel\u00e9s (FBF).<\/a> est apparu en premier sur <a rel=\"nofollow\" href=\"https:\/\/www.sidwaya.info\/\">Quotidien Sidwaya<\/a>.<\/p>\n<\/div>\n<p>Auteur: Wamini SIDWAYA<br \/>\n<a href=\"https:\/\/www.sidwaya.info\/blog\/2022\/02\/12\/etalons-du-burkina-les-contrats-de-kamou-malo-et-son-staff-ne-seront-pas-renouveles-fbf\/?utm_source=rss&#038;utm_medium=rss&#038;utm_campaign=etalons-du-burkina-les-contrats-de-kamou-malo-et-son-staff-ne-seront-pas-renouveles-fbf\">Cliquez ici pour lire l&rsquo;article depuis sa source.<\/a><\/p>\n","protected":false},"excerpt":{"rendered":"<p>La F\u00e9d\u00e9ration burkinab\u00e8 de football (FBF) a annonc\u00e9 ce samedi 12 f\u00e9vrier 2022, que le contrat du s\u00e9lectionneur Kamou Malo et celui des autres membres de l\u2019encadrement technique, ne seront pas renouvel\u00e9s \u00e0 terme, le 28 f\u00e9vrier 2022. L\u2019article Etalons du Burkina : Les contrats de Kamou Malo et son staff ne seront pas renouvel\u00e9s [&hellip;]<\/p>\n","protected":false},"author":1816,"featured_media":0,"comment_status":"closed","ping_status":"closed","sticky":false,"template":"","format":"standard","meta":{"fifu_image_url":"https:\/\/www.sidwaya.info\/wp-content\/uploads\/2022\/02\/Ph-FBF.jpeg","fifu_image_alt":"Etalons du Burkina : Les contrats de Kamou Malo et son staff ne seront pas renouvel\u00e9s (FBF).","footnotes":""},"categories":[73,81],"tags":[],"class_list":["post-140709","post","type-post","status-publish","format-standard","hentry","category-actualite","category-burkina-faso"],"_links":{"self":[{"href":"https:\/\/linitiative.ca\/International\/wp-json\/wp\/v2\/posts\/140709","targetHints":{"allow":["GET"]}}],"collection":[{"href":"https:\/\/linitiative.ca\/International\/wp-json\/wp\/v2\/posts"}],"about":[{"href":"https:\/\/linitiative.ca\/International\/wp-json\/wp\/v2\/types\/post"}],"author":[{"embeddable":true,"href":"https:\/\/linitiative.ca\/International\/wp-json\/wp\/v2\/users\/1816"}],"replies":[{"embeddable":true,"href":"https:\/\/linitiative.ca\/International\/wp-json\/wp\/v2\/comments?post=140709"}],"version-history":[{"count":0,"href":"https:\/\/linitiative.ca\/International\/wp-json\/wp\/v2\/posts\/140709\/revisions"}],"wp:attachment":[{"href":"https:\/\/linitiative.ca\/International\/wp-json\/wp\/v2\/media?parent=140709"}],"wp:term":[{"taxonomy":"category","embeddable":true,"href":"https:\/\/linitiative.ca\/International\/wp-json\/wp\/v2\/categories?post=140709"},{"taxonomy":"post_tag","embeddable":true,"href":"https:\/\/linitiative.ca\/International\/wp-json\/wp\/v2\/tags?post=140709"}],"curies":[{"name":"wp","href":"https:\/\/api.w.org\/{rel}","templated":true}]}}