{"id":140712,"date":"2022-02-12T10:41:08","date_gmt":"2022-02-12T15:41:08","guid":{"rendered":"https:\/\/linitiative.ca\/International\/secteur-minier-lexploitation-du-gisement-de-rutile-dakonolinga-annoncee-pour-2025\/"},"modified":"2022-02-12T10:41:08","modified_gmt":"2022-02-12T15:41:08","slug":"secteur-minier-lexploitation-du-gisement-de-rutile-dakonolinga-annoncee-pour-2025","status":"publish","type":"post","link":"https:\/\/linitiative.ca\/International\/secteur-minier-lexploitation-du-gisement-de-rutile-dakonolinga-annoncee-pour-2025\/","title":{"rendered":"Secteur minier : l\u2019exploitation du gisement de rutile d\u2019Akonolinga annonc\u00e9e pour 2025"},"content":{"rendered":"<div>\n<p>Les r\u00e9sultats d\u00e9finitifs de la phase \u00a0d\u2019exploration du gisement de rutile d\u2019Akonolinga lanc\u00e9s en f\u00e9vrier 2020, sont toujours attendus. Les perspectives sont toutefois satisfaisantes, si l\u2019on s\u2019en tient aux derni\u00e8res d\u00e9clarations de Fuh Calistus Gentry, le secr\u00e9taire d\u2019\u00c9tat aupr\u00e8s du ministre des Mines. A en croire ce dernier,<em>\u00a0\u00abEramet est l\u2019une des entreprises mini\u00e8res les plus performantes au Cameroun. Ils ont respect\u00e9 leur cahier de charges et toutes leurs obligations. (\u2026) La prochaine \u00e9tape pour eux est l\u2019obtention de la convention mini\u00e8re<\/em>\u2009\u00bb, a-t-il d\u00e9clar\u00e9 au sortir de de l\u2019audience qu\u2019a accord\u00e9e,\u00a0 le ministre des Mines de l\u2019industrie et du D\u00e9veloppement technologique, Gabriel Dodo Ndoke, aux responsables de la soci\u00e9t\u00e9 fran\u00e7aise, le 9 f\u00e9vrier 2020. Toutefois, si le gouvernement est dispos\u00e9 \u00e0 accorder les autorisations n\u00e9cessaires \u00e0 la compagnie mini\u00e8re Eramet pour le lancement de l\u2019exploitation de ce gisement minier, d\u00e8s 2025, il a tout de m\u00eame besoin de certaines garanties. Notamment, la restitution \u00a0globale des r\u00e9sultats des derni\u00e8res \u00e9valuations du potentiel du gisement.<\/p>\n<p><strong>Lire aussi<\/strong> : <a href=\"https:\/\/ecomatin.net\/secteur-minier-vers-un-accord-entre-bestway-et-caminex-pour-lexploitation-du-fer-de-nkout\/\">Secteur minier : vers un accord entre Bestway et Caminex pour l\u2019exploitation du fer de Nkout<\/a><\/p>\n<p>Des \u00e9tudes, qui selon Fuh Calistus Gentry feront du Cameroun une place incontournable pour l\u2019approvisionnement en rutile.\u00a0\u00ab<em>Eramet est venu rendre compte de l\u2019avanc\u00e9e de leur projet \u00e0 Akonolinga. Les perspectives sont tr\u00e8s brillantes. je peux assurer qu\u2019eramet se dirige vers la possibilit\u00e9 d\u2019une mine qui sera de classe mondiale<\/em>\u00bb, a-t-il ajout\u00e9. Pour m\u00e9moire, d\u2019apr\u00e8s des chiffres rendus publics en 2020 par nos confr\u00e8res de Cameroon Tribune, le Cameroun poss\u00e8de le deuxi\u00e8me r\u00e9servoir mondial de rutile, une\u00a0 sorte de sable min\u00e9ralis\u00e9 servant \u00e0 la production de pigments et \u00e0 la fabrication de peinture ainsi que des\u00a0 cockpits d\u2019avion \u00e0 travers le titane qu\u2019il contient. Dans le d\u00e9tail, ce gisement est estim\u00e9 \u00e0 3000 000 tonnes. L\u2019exploitation du gisement d\u2019Akonolinga dans le d\u00e9partement du Nyong et Mfoumou, r\u00e9gion du Centre, d\u2019Akonolinga, dans la r\u00e9gion du Centre va sans aucun doute venir gonfler\u00a0 les r\u00e9serves nationales en rutiles, qui semblent d\u00e9j\u00e0 assez cons\u00e9quentes.<\/p>\n<p><strong>Lire aussi<\/strong> : <a href=\"https:\/\/ecomatin.net\/secteur-minier-caminex-veut-exploiter-le-fer-de-nkout\/\">Secteur minier : Caminex veut exploiter le fer de Nkout<\/a><\/p>\n<p>L\u2019article <a rel=\"nofollow\" href=\"https:\/\/ecomatin.net\/secteur-minier-lexploitation-du-gisement-t-de-rutile-dakonolinga-annoncee-pour-2025\/\">Secteur minier : l\u2019exploitation du gisement de rutile d\u2019Akonolinga annonc\u00e9e pour 2025<\/a> est apparu en premier sur <a rel=\"nofollow\" href=\"https:\/\/ecomatin.net\/\">EcoMatin<\/a>.<\/p>\n<\/div>\n<p>Auteur: Paul Tjeg<br \/>\n<a href=\"https:\/\/ecomatin.net\/secteur-minier-lexploitation-du-gisement-t-de-rutile-dakonolinga-annoncee-pour-2025\/\">Cliquez ici pour lire l&rsquo;article depuis sa source.<\/a><\/p>\n","protected":false},"excerpt":{"rendered":"<p>Les r\u00e9sultats d\u00e9finitifs de la phase \u00a0d\u2019exploration du gisement de rutile d\u2019Akonolinga lanc\u00e9s en f\u00e9vrier 2020, sont toujours attendus. Les perspectives sont toutefois satisfaisantes, si l\u2019on s\u2019en tient aux derni\u00e8res d\u00e9clarations de Fuh Calistus Gentry, le secr\u00e9taire d\u2019\u00c9tat aupr\u00e8s du ministre des Mines. A en croire ce dernier,\u00a0\u00abEramet est l\u2019une des entreprises mini\u00e8res les plus [&hellip;]<\/p>\n","protected":false},"author":1969,"featured_media":0,"comment_status":"closed","ping_status":"closed","sticky":false,"template":"","format":"standard","meta":{"fifu_image_url":"","fifu_image_alt":"","footnotes":""},"categories":[82,78],"tags":[],"class_list":["post-140712","post","type-post","status-publish","format-standard","hentry","category-cameroun","category-economie"],"_links":{"self":[{"href":"https:\/\/linitiative.ca\/International\/wp-json\/wp\/v2\/posts\/140712","targetHints":{"allow":["GET"]}}],"collection":[{"href":"https:\/\/linitiative.ca\/International\/wp-json\/wp\/v2\/posts"}],"about":[{"href":"https:\/\/linitiative.ca\/International\/wp-json\/wp\/v2\/types\/post"}],"author":[{"embeddable":true,"href":"https:\/\/linitiative.ca\/International\/wp-json\/wp\/v2\/users\/1969"}],"replies":[{"embeddable":true,"href":"https:\/\/linitiative.ca\/International\/wp-json\/wp\/v2\/comments?post=140712"}],"version-history":[{"count":0,"href":"https:\/\/linitiative.ca\/International\/wp-json\/wp\/v2\/posts\/140712\/revisions"}],"wp:attachment":[{"href":"https:\/\/linitiative.ca\/International\/wp-json\/wp\/v2\/media?parent=140712"}],"wp:term":[{"taxonomy":"category","embeddable":true,"href":"https:\/\/linitiative.ca\/International\/wp-json\/wp\/v2\/categories?post=140712"},{"taxonomy":"post_tag","embeddable":true,"href":"https:\/\/linitiative.ca\/International\/wp-json\/wp\/v2\/tags?post=140712"}],"curies":[{"name":"wp","href":"https:\/\/api.w.org\/{rel}","templated":true}]}}