{"id":140713,"date":"2022-02-12T10:57:35","date_gmt":"2022-02-12T15:57:35","guid":{"rendered":"https:\/\/linitiative.ca\/International\/le-feicom-dresse-le-bilan-de-ses-activites-en-2020\/"},"modified":"2022-02-12T10:57:35","modified_gmt":"2022-02-12T15:57:35","slug":"le-feicom-dresse-le-bilan-de-ses-activites-en-2020","status":"publish","type":"post","link":"https:\/\/linitiative.ca\/International\/le-feicom-dresse-le-bilan-de-ses-activites-en-2020\/","title":{"rendered":"Le Feicom dresse le bilan de ses activit\u00e9s en 2020"},"content":{"rendered":"<div>\n<p>Le Fonds sp\u00e9cial d\u2019\u00e9quipement et d\u2019intervention intercommunale (Feicom), vient de rendre public la 15\u00e8me \u00e9dition de son rapport annuel. Le Document disposant d\u2019une version anglaise et fran\u00e7aise, \u00ab a pour but de rendre compte aux partenaires, au grand public, en un mot \u00e0 toutes les parties prenantes int\u00e9ress\u00e9es de l\u2019ex\u00e9cution de son mandat, pendant une p\u00e9riode bien d\u00e9finie qui est l\u2019annualit\u00e9 \u00bb, fait savoir le Directeur g\u00e9n\u00e9ral du Feicom, Philippe Camille Akoa, dans son introduction. Plus encore le rapport 2020 permet de dresser le bilan des activit\u00e9s men\u00e9es et pr\u00e9sente les r\u00e9sultats obtenus au terme de l\u2019ann\u00e9e de r\u00e9f\u00e9rence, tout en rendant compte des performances de l\u2019institution dans les 4 sous-programmes formul\u00e9s en 2013. Il s\u2019agit ici des programmes : mobilisation et mise \u00e0 disposition des ressources, d\u00e9veloppement local, gouvernance et pilotage et administration.<\/p>\n<p><strong>Lire aussi<\/strong> : <strong><a href=\"https:\/\/ecomatin.net\/centimes-additionnels-communaux-x-le-feicom-a-reverse-1114-milliards-fcfa-aux-communes-en-2020\/\">Centimes additionnels communaux\u00a0: le Feicom a revers\u00e9 111,4 milliards Fcfa aux communes en 2020<\/a><\/strong><\/p>\n<p>De plus de deux cents pages, le document produit par le Feicom, donne \u00e0 lire sur les performances financi\u00e8res de l\u2019entreprise, en passant par activit\u00e9s internes, de m\u00eame que celles relevant de sa responsabilit\u00e9 social d\u2019entreprise (RSE). Sur le volet financier par exemple le rapport indique pour ce qui est du sous-programme \u2018\u2018d\u00e9veloppement local\u2019\u2019, ce sont 137 concours financiers, d\u2019une enveloppe de 26,838 milliards, qui ont \u00e9t\u00e9 octroy\u00e9s \u00e0 105 communes pour la r\u00e9alisation de 127 projets. Les projets \u00e0 r\u00e9aliser ici se comptent dans les secteurs : infrastructures de base, \u00e9quipements socio-collectifs, infrastructures et \u00e9quipements marchands, infrastructures g\u00e9n\u00e9ratrices de revenus et \u00e9quipements utilitaires. Indiquons par ailleurs que 225 projets ont d\u00e9j\u00e0 fait l\u2019objet de r\u00e9ception.<\/p>\n<p><strong>Lire aussi<\/strong> : <strong><a href=\"https:\/\/ecomatin.net\/en-2021-le-feicom-a-octroye-36183-milliards-de-fcfa-a-156-municipalites1\/\">En 2021, le Feicom a octroy\u00e9 36,183 milliards de Fcfa \u00e0 156 municipalit\u00e9s<\/a><\/strong><\/p>\n<p>En ce qui concerne les \u00e9tats financiers du Feicom, en 2020, \u00ab les ressources mobilis\u00e9es par l\u2019institution s\u2019\u00e9l\u00e8vent \u00e0 207 494 517 845 FCFA et les d\u00e9penses engag\u00e9es \u00e0 150\u00a0046 477 422 FCFA, soit un \u00e9cart positif de 57 448 040\u00a0423 FCFA \u00bb, peut-on lire.<\/p>\n<p>Outre l\u2019accomplissement de ses missions r\u00e9galiennes, le Feicom dans sa gestion interne durant l\u2019ann\u00e9e 2020, a c\u00e9l\u00e9br\u00e9 ses 45 ann\u00e9es d\u2019existences, a b\u00e9n\u00e9fici\u00e9 de la r\u00e9alisation de 34 audits valid\u00e9s par le conseil d\u2019administration dans les domaines de l\u2019administration, des finances, de la comptabilit\u00e9 et des projets d\u2019investissement, notamment.<\/p>\n<p><strong>Lire aussi<\/strong> : <strong><a href=\"https:\/\/ecomatin.net\/le-feicom-a-finance-433-projets-a-hauteur-de-32-milliards-de-f-en-14-ans-a-louest\/\">Le Feicom a financ\u00e9 433 projets \u00e0 hauteur de 32 milliards de F en 14 ans \u00e0 l\u2019Ouest<\/a><\/strong><\/p>\n<p>Sur le volet RSE, l\u2019on apprend du rapport que le Fonds sp\u00e9cial d\u2019\u00e9quipement et d\u2019intervention intercommunal (Feicom), a mobilis\u00e9 la somme de 6,270 millions de Fcfa en guise de contribution \u00e0 la lutte contre la Covid-19. Fonds qui ont \u00e9t\u00e9 remis au ministre de la Sant\u00e9 le 7 mai 2020.<\/p>\n<p>De plus, l\u2019ouvrage permet de parcourir en image les grands moments de l\u2019ann\u00e9e 2020, pr\u00e9sente quelques r\u00e9alisations en cours et donne la parole aux acteurs gouvernementaux pour recueillir leur avis sur le rapport 2019.<\/p>\n<p>L\u2019article <a rel=\"nofollow\" href=\"https:\/\/ecomatin.net\/le-feicom-dresse-le-bilan-de-ses-activites-en-2020\/\">Le Feicom dresse le bilan de ses activit\u00e9s en 2020<\/a> est apparu en premier sur <a rel=\"nofollow\" href=\"https:\/\/ecomatin.net\/\">EcoMatin<\/a>.<\/p>\n<\/div>\n<p>Auteur: Cindy MBALA<br \/>\n<a href=\"https:\/\/ecomatin.net\/le-feicom-dresse-le-bilan-de-ses-activites-en-2020\/\">Cliquez ici pour lire l&rsquo;article depuis sa source.<\/a><\/p>\n","protected":false},"excerpt":{"rendered":"<p>Le Fonds sp\u00e9cial d\u2019\u00e9quipement et d\u2019intervention intercommunale (Feicom), vient de rendre public la 15\u00e8me \u00e9dition de son rapport annuel. Le Document disposant d\u2019une version anglaise et fran\u00e7aise, \u00ab a pour but de rendre compte aux partenaires, au grand public, en un mot \u00e0 toutes les parties prenantes int\u00e9ress\u00e9es de l\u2019ex\u00e9cution de son mandat, pendant une [&hellip;]<\/p>\n","protected":false},"author":1969,"featured_media":0,"comment_status":"closed","ping_status":"closed","sticky":false,"template":"","format":"standard","meta":{"fifu_image_url":"","fifu_image_alt":"","footnotes":""},"categories":[82,78],"tags":[],"class_list":["post-140713","post","type-post","status-publish","format-standard","hentry","category-cameroun","category-economie"],"_links":{"self":[{"href":"https:\/\/linitiative.ca\/International\/wp-json\/wp\/v2\/posts\/140713","targetHints":{"allow":["GET"]}}],"collection":[{"href":"https:\/\/linitiative.ca\/International\/wp-json\/wp\/v2\/posts"}],"about":[{"href":"https:\/\/linitiative.ca\/International\/wp-json\/wp\/v2\/types\/post"}],"author":[{"embeddable":true,"href":"https:\/\/linitiative.ca\/International\/wp-json\/wp\/v2\/users\/1969"}],"replies":[{"embeddable":true,"href":"https:\/\/linitiative.ca\/International\/wp-json\/wp\/v2\/comments?post=140713"}],"version-history":[{"count":0,"href":"https:\/\/linitiative.ca\/International\/wp-json\/wp\/v2\/posts\/140713\/revisions"}],"wp:attachment":[{"href":"https:\/\/linitiative.ca\/International\/wp-json\/wp\/v2\/media?parent=140713"}],"wp:term":[{"taxonomy":"category","embeddable":true,"href":"https:\/\/linitiative.ca\/International\/wp-json\/wp\/v2\/categories?post=140713"},{"taxonomy":"post_tag","embeddable":true,"href":"https:\/\/linitiative.ca\/International\/wp-json\/wp\/v2\/tags?post=140713"}],"curies":[{"name":"wp","href":"https:\/\/api.w.org\/{rel}","templated":true}]}}