{"id":140714,"date":"2022-02-13T11:04:14","date_gmt":"2022-02-13T16:04:14","guid":{"rendered":"https:\/\/linitiative.ca\/International\/covid-19-maroc-la-situation-epidemiologique-au-13-fevrier-2022-a-16h00\/"},"modified":"2022-02-13T11:04:14","modified_gmt":"2022-02-13T16:04:14","slug":"covid-19-maroc-la-situation-epidemiologique-au-13-fevrier-2022-a-16h00","status":"publish","type":"post","link":"https:\/\/linitiative.ca\/International\/covid-19-maroc-la-situation-epidemiologique-au-13-fevrier-2022-a-16h00\/","title":{"rendered":"Covid-19 \/ Maroc : La situation \u00e9pid\u00e9miologique au 13 f\u00e9vrier 2022 \u00e0 16H00"},"content":{"rendered":"<div>\n<p><img loading=\"lazy\" decoding=\"async\" width=\"300\" height=\"153\" src=\"https:\/\/linitiative.ca\/International\/wp-content\/uploads\/sites\/23\/2022\/02\/Vaccin-Covid19-coronavirus-300x153-1.jpg\" class=\"attachment-medium size-medium wp-post-image\" alt=\"\" srcset=\"https:\/\/linitiative.ca\/International\/wp-content\/uploads\/sites\/23\/2022\/02\/Vaccin-Covid19-coronavirus-300x153-1.jpg 300w, https:\/\/aujourdhui.ma\/wp-content\/uploads\/2021\/11\/Vaccin-Covid19-coronavirus-274x140.jpg 274w, https:\/\/aujourdhui.ma\/wp-content\/uploads\/2021\/11\/Vaccin-Covid19-coronavirus.jpg 746w, https:\/\/aujourdhui.ma\/wp-content\/uploads\/2021\/11\/Vaccin-Covid19-coronavirus-165x84.jpg 165w, https:\/\/aujourdhui.ma\/wp-content\/uploads\/2021\/11\/Vaccin-Covid19-coronavirus-702x358.jpg 702w\" sizes=\"auto, (max-width: 300px) 100vw, 300px\"><\/p>\n<p><strong>La situation \u00e9pid\u00e9miologique au 13 f\u00e9vrier 2022 \u00e0 16H00<\/strong><\/p>\n<p>634 nouveaux cas soit un cumul de 1.155.165 cas \u00e0 ce jour.<br \/>\n4.299 gu\u00e9risons soit un cumul de 1.123.370 \u00e0 ce jour.<br \/>\n15 nouveaux d\u00e9c\u00e8s donc un cumul de 15.781 \u00e0 ce jour.<\/p>\n<p><strong>Nombre de personnes vaccin\u00e9es au 13 f\u00e9vrier 16H00<\/strong><\/p>\n<p>1\u00e8re dose : 24 702 344<\/p>\n<p>2\u00e8me dose : 23 137 116<\/p>\n<p>3\u00e8me dose :5 089 940<\/p>\n<p><a href=\"https:\/\/linitiative.ca\/International\/wp-content\/uploads\/sites\/23\/2022\/02\/WhatsApp-Image-2022-02-13-at-4.41.02-PM.jpeg\"><img loading=\"lazy\" decoding=\"async\" class=\"aligncenter size-full wp-image-399721\" src=\"https:\/\/linitiative.ca\/International\/wp-content\/uploads\/sites\/23\/2022\/02\/WhatsApp-Image-2022-02-13-at-4.41.02-PM.jpeg\" alt=\"\" width=\"1110\" height=\"1600\" srcset=\"https:\/\/linitiative.ca\/International\/wp-content\/uploads\/sites\/23\/2022\/02\/WhatsApp-Image-2022-02-13-at-4.41.02-PM.jpeg 1110w, https:\/\/aujourdhui.ma\/wp-content\/uploads\/2022\/02\/WhatsApp-Image-2022-02-13-at-4.41.02-PM-208x300.jpeg 208w, https:\/\/aujourdhui.ma\/wp-content\/uploads\/2022\/02\/WhatsApp-Image-2022-02-13-at-4.41.02-PM-710x1024.jpeg 710w, https:\/\/aujourdhui.ma\/wp-content\/uploads\/2022\/02\/WhatsApp-Image-2022-02-13-at-4.41.02-PM-768x1107.jpeg 768w, https:\/\/aujourdhui.ma\/wp-content\/uploads\/2022\/02\/WhatsApp-Image-2022-02-13-at-4.41.02-PM-1066x1536.jpeg 1066w\" sizes=\"auto, (max-width: 1110px) 100vw, 1110px\"><\/a> <a href=\"https:\/\/linitiative.ca\/International\/wp-content\/uploads\/sites\/23\/2022\/02\/WhatsApp-Image-2022-02-13-at-4.41.03-PM.jpeg\"><img loading=\"lazy\" decoding=\"async\" class=\"aligncenter size-full wp-image-399722\" src=\"https:\/\/linitiative.ca\/International\/wp-content\/uploads\/sites\/23\/2022\/02\/WhatsApp-Image-2022-02-13-at-4.41.03-PM.jpeg\" alt=\"\" width=\"1170\" height=\"950\" srcset=\"https:\/\/linitiative.ca\/International\/wp-content\/uploads\/sites\/23\/2022\/02\/WhatsApp-Image-2022-02-13-at-4.41.03-PM.jpeg 1170w, https:\/\/aujourdhui.ma\/wp-content\/uploads\/2022\/02\/WhatsApp-Image-2022-02-13-at-4.41.03-PM-300x244.jpeg 300w, https:\/\/aujourdhui.ma\/wp-content\/uploads\/2022\/02\/WhatsApp-Image-2022-02-13-at-4.41.03-PM-1024x831.jpeg 1024w, https:\/\/aujourdhui.ma\/wp-content\/uploads\/2022\/02\/WhatsApp-Image-2022-02-13-at-4.41.03-PM-768x624.jpeg 768w\" sizes=\"auto, (max-width: 1170px) 100vw, 1170px\"><\/a> <a href=\"https:\/\/linitiative.ca\/International\/wp-content\/uploads\/sites\/23\/2022\/02\/WhatsApp-Image-2022-02-13-at-4.41.50-PM-1.jpeg\"><img loading=\"lazy\" decoding=\"async\" class=\"aligncenter size-full wp-image-399723\" src=\"https:\/\/linitiative.ca\/International\/wp-content\/uploads\/sites\/23\/2022\/02\/WhatsApp-Image-2022-02-13-at-4.41.50-PM-1.jpeg\" alt=\"\" width=\"812\" height=\"1600\" srcset=\"https:\/\/linitiative.ca\/International\/wp-content\/uploads\/sites\/23\/2022\/02\/WhatsApp-Image-2022-02-13-at-4.41.50-PM-1.jpeg 812w, https:\/\/aujourdhui.ma\/wp-content\/uploads\/2022\/02\/WhatsApp-Image-2022-02-13-at-4.41.50-PM-1-152x300.jpeg 152w, https:\/\/aujourdhui.ma\/wp-content\/uploads\/2022\/02\/WhatsApp-Image-2022-02-13-at-4.41.50-PM-1-520x1024.jpeg 520w, https:\/\/aujourdhui.ma\/wp-content\/uploads\/2022\/02\/WhatsApp-Image-2022-02-13-at-4.41.50-PM-1-768x1513.jpeg 768w, https:\/\/aujourdhui.ma\/wp-content\/uploads\/2022\/02\/WhatsApp-Image-2022-02-13-at-4.41.50-PM-1-780x1536.jpeg 780w\" sizes=\"auto, (max-width: 812px) 100vw, 812px\"><\/a> <a href=\"https:\/\/linitiative.ca\/International\/wp-content\/uploads\/sites\/23\/2022\/02\/WhatsApp-Image-2022-02-13-at-4.41.50-PM.jpeg\"><img loading=\"lazy\" decoding=\"async\" class=\"aligncenter size-full wp-image-399724\" src=\"https:\/\/linitiative.ca\/International\/wp-content\/uploads\/sites\/23\/2022\/02\/WhatsApp-Image-2022-02-13-at-4.41.50-PM.jpeg\" alt=\"\" width=\"1165\" height=\"1600\" srcset=\"https:\/\/linitiative.ca\/International\/wp-content\/uploads\/sites\/23\/2022\/02\/WhatsApp-Image-2022-02-13-at-4.41.50-PM.jpeg 1165w, https:\/\/aujourdhui.ma\/wp-content\/uploads\/2022\/02\/WhatsApp-Image-2022-02-13-at-4.41.50-PM-218x300.jpeg 218w, https:\/\/aujourdhui.ma\/wp-content\/uploads\/2022\/02\/WhatsApp-Image-2022-02-13-at-4.41.50-PM-746x1024.jpeg 746w, https:\/\/aujourdhui.ma\/wp-content\/uploads\/2022\/02\/WhatsApp-Image-2022-02-13-at-4.41.50-PM-768x1055.jpeg 768w, https:\/\/aujourdhui.ma\/wp-content\/uploads\/2022\/02\/WhatsApp-Image-2022-02-13-at-4.41.50-PM-1118x1536.jpeg 1118w\" sizes=\"auto, (max-width: 1165px) 100vw, 1165px\"><\/a><\/p>\n<\/div>\n<p>Auteur: ALM<br \/>\n<a href=\"https:\/\/aujourdhui.ma\/actualite\/covid-19-maroc-la-situation-epidemiologique-au-13-fevrier-2022-a-16h00\">Cliquez ici pour lire l&rsquo;article depuis sa source.<\/a><\/p>\n","protected":false},"excerpt":{"rendered":"<p>La situation \u00e9pid\u00e9miologique au 13 f\u00e9vrier 2022 \u00e0 16H00 634 nouveaux cas soit un cumul de 1.155.165 cas \u00e0 ce jour. 4.299 gu\u00e9risons soit un cumul de 1.123.370 \u00e0 ce jour. 15 nouveaux d\u00e9c\u00e8s donc un cumul de 15.781 \u00e0 ce jour. Nombre de personnes vaccin\u00e9es au 13 f\u00e9vrier 16H00 1\u00e8re dose : 24 702 [&hellip;]<\/p>\n","protected":false},"author":1759,"featured_media":0,"comment_status":"closed","ping_status":"closed","sticky":false,"template":"","format":"standard","meta":{"fifu_image_url":"https:\/\/aujourdhui.ma\/wp-content\/uploads\/2021\/11\/Vaccin-Covid19-coronavirus-300x153.jpg","fifu_image_alt":"Covid-19 \/ Maroc : La situation \u00e9pid\u00e9miologique au 13 f\u00e9vrier 2022 \u00e0 16H00","footnotes":""},"categories":[73,54],"tags":[],"class_list":["post-140714","post","type-post","status-publish","format-standard","hentry","category-actualite","category-maroc"],"_links":{"self":[{"href":"https:\/\/linitiative.ca\/International\/wp-json\/wp\/v2\/posts\/140714","targetHints":{"allow":["GET"]}}],"collection":[{"href":"https:\/\/linitiative.ca\/International\/wp-json\/wp\/v2\/posts"}],"about":[{"href":"https:\/\/linitiative.ca\/International\/wp-json\/wp\/v2\/types\/post"}],"author":[{"embeddable":true,"href":"https:\/\/linitiative.ca\/International\/wp-json\/wp\/v2\/users\/1759"}],"replies":[{"embeddable":true,"href":"https:\/\/linitiative.ca\/International\/wp-json\/wp\/v2\/comments?post=140714"}],"version-history":[{"count":0,"href":"https:\/\/linitiative.ca\/International\/wp-json\/wp\/v2\/posts\/140714\/revisions"}],"wp:attachment":[{"href":"https:\/\/linitiative.ca\/International\/wp-json\/wp\/v2\/media?parent=140714"}],"wp:term":[{"taxonomy":"category","embeddable":true,"href":"https:\/\/linitiative.ca\/International\/wp-json\/wp\/v2\/categories?post=140714"},{"taxonomy":"post_tag","embeddable":true,"href":"https:\/\/linitiative.ca\/International\/wp-json\/wp\/v2\/tags?post=140714"}],"curies":[{"name":"wp","href":"https:\/\/api.w.org\/{rel}","templated":true}]}}