{"id":140721,"date":"2022-02-13T08:15:34","date_gmt":"2022-02-13T13:15:34","guid":{"rendered":"https:\/\/linitiative.ca\/International\/la-citadelle-dagadir-renait-de-ses-cendres\/"},"modified":"2022-02-13T08:15:34","modified_gmt":"2022-02-13T13:15:34","slug":"la-citadelle-dagadir-renait-de-ses-cendres","status":"publish","type":"post","link":"https:\/\/linitiative.ca\/International\/la-citadelle-dagadir-renait-de-ses-cendres\/","title":{"rendered":"La citadelle d\u2019Agadir rena\u00eet de ses cendres!"},"content":{"rendered":"<div>\n<p class=\"has-text-color\" style=\"color:#064be5\"><strong>La restauration de la Kasbah d\u2019Agadir, seul monument historique et ancestral \u00e0 caract\u00e8re patrimonial, resurgit en ce moment de Covid 19. On se ressaisit pour de bon, afin de mettre sur les rails cette \u00e9bauche prometteuse. Il fut question de repenser toute l\u2019op\u00e9ration dans sa globalit\u00e9, en vue de mettre en avant un travail coh\u00e9rent.<\/strong><\/p>\n<p>Cette dynamique de revisiter ce symbole de l\u2019identit\u00e9 national s\u2019inscrit dans le sillage d\u2019une impulsion r\u00e9solue de redorer le blason de nombre de sites arch\u00e9ologiques, de manuscrits, d\u2019objets ethnologiques, de langue autochtone, d\u2019expressions culturelles. C\u2019est ainsi qu\u2019il est plus opportun de s\u2019approprier une vision globalisante pouvant faciliter cette entreprise et assurer la prouesse escompt\u00e9e.<\/p>\n<p>Ce site class\u00e9 patrimoine national en 1944, renvoy\u00e9 aux calendes grecques, depuis environs 60 ans, serait, sans nul doute, revaloris\u00e9 en mati\u00e8re de financement, vu la nouvelle synergie volontariste qui s\u2019instaure, en pleine p\u00e9riode de pand\u00e9mie. La conjugaison des efforts des comp\u00e9tences locales, conduite par un comit\u00e9 scientifique performant, sous l\u2019\u00e9gide effective du Wali de la r\u00e9gion, serait d\u2019un grand apport au service de l\u2019unique joyau dont la communaut\u00e9 serait amplement fi\u00e8re et aur\u00e9ol\u00e9e dans les jours \u00e0 venir.<\/p>\n<p>On ne peut que saluer vivement cette symbiose qui s\u2019op\u00e8re \u00e0 pr\u00e9sent, autour de cet h\u00e9ritage renvoyant \u00e0 une histoire s\u00e9culaire. Ce patrimoine rassemble, en fait, toute une flop\u00e9e d\u2019acteurs mue par une volont\u00e9 ardente pour se rendre utile, apr\u00e8s une si longue p\u00e9riode de l\u00e9thargie. Ce serait, \u00e0 coup s\u00fbr, le meilleur hommage posthume qu\u2019on pourrait rendre \u00e0 une nu\u00e9e d\u2019\u00e2mes ensevelie sous terre et dont l\u2019esprit plane sur les cimes et les versants de ce promontoire us\u00e9 par le temps mais encore riche en \u00e9pop\u00e9e de nagu\u00e8re. Les survivants de ces lieux funestes auraient \u00e9galement, savour\u00e9 la r\u00e9habilitation savante et r\u00e9fl\u00e9chie de ce que l\u2019on appelle \u00e0 jamais \u00abAgadir Oufella\u00bb.<\/p>\n<p>Tant de rencontres de concertation entre d\u00e9cideurs de la r\u00e9gion et des savants et experts en mati\u00e8re d\u2019arch\u00e9ologie et d\u2019urbanisme, avaient eu lieu \u00a0afin de \u00a0mettre en exergue la touche cr\u00e9ative en termes de mise \u00e0 niveau des remparts de la Kasbah, la remise \u00e0 \u00e9clat du pavoisement internes, l\u2019extraction des \u00e9l\u00e9ments ciment\u00e9s sur les fa\u00e7ades, ainsi que les d\u00e9marches de fouille arch\u00e9ologique. De m\u00eame, il s\u2019agit de l\u2019am\u00e9nagement des aires de service en rapport avec le site, la refonte des tombeaux et l\u2019installation d\u2019une st\u00e8le de souvenir, ainsi que la pose de la signal\u00e9tique relative aux all\u00e9es et aux espaces lui conduisant.<\/p>\n<p>Il faut bien dire que la mise en valeur de ce site, longtemps soumis aux oubliettes, sera l\u2019\u00e9v\u00e9nement patrimonial de taille qui contribuera, \u00e0 coup s\u00fbr, \u00e0 la relance du relooke de la ville, notamment au niveau de l\u2019industrie touristique en mati\u00e8re de d\u00e9couverte, mais aussi au niveau de la r\u00e9conciliation de la cit\u00e9 sinistr\u00e9e avec son pass\u00e9. La citadelle d\u2019Agadir \u00e9tait \u00e0 la fois une forteresse qui repoussait les assauts \u00e9trangers et un fleuron qui surplombait le majestueux littoral baln\u00e9aire \u00e0 l\u2019horizon \u00e9d\u00e9nique.<\/p>\n<p>On dira \u00e9galement que cette belle orf\u00e8vrerie, pied dans l\u2019eau, sera la reconnaissance royale d\u2019un site qui rena\u00eet de ses cendres, apr\u00e8s des d\u00e9cennies d\u2019abandon. Elle ressuscitera d\u00e9sormais sous les yeux bienveillants de l\u2019\u00e9quipe d\u00e9terminante autour du chef de file de la Wilaya, dans le cadre de la concr\u00e9tisation du programme de d\u00e9veloppement urbain d\u2019Agadir (2020\/2024), paraph\u00e9 en\u00a0 f\u00e9vrier dernier, devant le Souverain.<\/p>\n<p>L\u2019article <a rel=\"nofollow\" href=\"http:\/\/albayane.press.ma\/la-citadelle-dagadir-renait-de-ses-cendres.html\">La citadelle d\u2019Agadir rena\u00eet de ses cendres!<\/a> est apparu en premier sur <a rel=\"nofollow\" href=\"http:\/\/albayane.press.ma\/\">ALBAYANE<\/a>.<\/p>\n<\/div>\n<p>Auteur: M&rsquo;hammed rahal<br \/>\n<a href=\"http:\/\/albayane.press.ma\/la-citadelle-dagadir-renait-de-ses-cendres.html\">Cliquez ici pour lire l&rsquo;article depuis sa source.<\/a><\/p>\n","protected":false},"excerpt":{"rendered":"<p>La restauration de la Kasbah d\u2019Agadir, seul monument historique et ancestral \u00e0 caract\u00e8re patrimonial, resurgit en ce moment de Covid 19. On se ressaisit pour de bon, afin de mettre sur les rails cette \u00e9bauche prometteuse. Il fut question de repenser toute l\u2019op\u00e9ration dans sa globalit\u00e9, en vue de mettre en avant un travail coh\u00e9rent. [&hellip;]<\/p>\n","protected":false},"author":1760,"featured_media":0,"comment_status":"closed","ping_status":"closed","sticky":false,"template":"","format":"standard","meta":{"fifu_image_url":"","fifu_image_alt":"","footnotes":""},"categories":[73,54],"tags":[],"class_list":["post-140721","post","type-post","status-publish","format-standard","hentry","category-actualite","category-maroc"],"_links":{"self":[{"href":"https:\/\/linitiative.ca\/International\/wp-json\/wp\/v2\/posts\/140721","targetHints":{"allow":["GET"]}}],"collection":[{"href":"https:\/\/linitiative.ca\/International\/wp-json\/wp\/v2\/posts"}],"about":[{"href":"https:\/\/linitiative.ca\/International\/wp-json\/wp\/v2\/types\/post"}],"author":[{"embeddable":true,"href":"https:\/\/linitiative.ca\/International\/wp-json\/wp\/v2\/users\/1760"}],"replies":[{"embeddable":true,"href":"https:\/\/linitiative.ca\/International\/wp-json\/wp\/v2\/comments?post=140721"}],"version-history":[{"count":0,"href":"https:\/\/linitiative.ca\/International\/wp-json\/wp\/v2\/posts\/140721\/revisions"}],"wp:attachment":[{"href":"https:\/\/linitiative.ca\/International\/wp-json\/wp\/v2\/media?parent=140721"}],"wp:term":[{"taxonomy":"category","embeddable":true,"href":"https:\/\/linitiative.ca\/International\/wp-json\/wp\/v2\/categories?post=140721"},{"taxonomy":"post_tag","embeddable":true,"href":"https:\/\/linitiative.ca\/International\/wp-json\/wp\/v2\/tags?post=140721"}],"curies":[{"name":"wp","href":"https:\/\/api.w.org\/{rel}","templated":true}]}}