{"id":140722,"date":"2022-02-13T08:19:19","date_gmt":"2022-02-13T13:19:19","guid":{"rendered":"https:\/\/linitiative.ca\/International\/une-conduite-comme-on-aimerait-tant-voir\/"},"modified":"2022-02-13T08:19:19","modified_gmt":"2022-02-13T13:19:19","slug":"une-conduite-comme-on-aimerait-tant-voir","status":"publish","type":"post","link":"https:\/\/linitiative.ca\/International\/une-conduite-comme-on-aimerait-tant-voir\/","title":{"rendered":"Une conduite comme on aimerait tant voir !"},"content":{"rendered":"<div>\n<p class=\"has-text-align-center has-vivid-red-color has-text-color\"><strong>Province d\u2019Inezgane A\u00eft Melloul<\/strong><\/p>\n<p class=\"has-text-align-right\"><strong>Saoudi El Amalki<\/strong><\/p>\n<p class=\"has-text-color\" style=\"color:#0639e5\"><strong>Il y a a de ces commis de l\u2019Etat qui cr\u00e8vent l\u2019\u00e9cran par leur d\u00e9vouement supr\u00eame aux int\u00e9r\u00eats publics et leur loyalisme irr\u00e9cusable pour la bonne cause. Ils se mettent, corps et \u00e2me, au service de la cit\u00e9 et les citoyens, avec humilit\u00e9 et d\u00e9votion \u00e0 l\u2019\u00e9gard des gouvern\u00e9s.<\/strong><\/p>\n<p>Le concept de l\u2019Autorit\u00e9 qu\u2019ils s\u2019approprient au quotidien, avec grande chevalerie n\u2019est, en fait, nullement synonyme de misanthropie ni brutalit\u00e9 envers les diff\u00e9rentes franges de la soci\u00e9t\u00e9. Et de ce fait, ils ne font que jouir de d\u00e9f\u00e9rence et d\u2019\u00e9gards de leur entourage. En toute honn\u00eatet\u00e9, on n\u2019aurait aucune g\u00e8ne de les combler de propos \u00e9logieux, ni se sentirait en posture de complaisante b\u00e9ate.<\/p>\n<p>Bien au contraire, on serait h\u00e2te d\u2019en citer des cas exemplaires, comme Isma\u00efl Aboulhokok, gouverneur de la province d\u2019Inezgane A\u00eft Melloul. Un homme qui force l\u2019admiration et le respect de ses pairs dans la hi\u00e9rarchie du pouvoir, mais \u00e9galement, au sein de toute la population, de par son tact infaillible, son \u00e9coute indubitable et surtout son acte \u00e9pris de doigt\u00e9 et de civisme. D\u00e8s sa r\u00e9apparition \u00e0 la t\u00eate de la province, puisqu\u2019il y \u00e9tait d\u00e9j\u00e0 en position \u00absubalterne\u00bb, il instaura de fond en comble, de nouvelles mani\u00e8res de gouverner, fond\u00e9es sur la convergence, la concertation et l\u2019optimisation de toutes les caract\u00e9ristiques de cette contr\u00e9e dense et complexe.<\/p>\n<p>Sous sa houlette, des projets structurants se mettent \u00e0 pousser de toutes parts, tout en mettant de l\u2019ordre et de l\u2019art dans ce qu\u2019il entreprend, en parfaite synchronie avec son environnement. Il fut l\u2019artisan de nombre d\u2019actions aussi bien \u00e0 caract\u00e8re \u00e9conomique que social, dans la clart\u00e9 et la c\u00e9l\u00e9rit\u00e9, au niveau de la gestion des souks, de la lutte contre l\u2019occupation de la voie publique, sachant que ces deux clapets ont toujours constitu\u00e9 des points noirs de la ville, notamment au chef-lieu de la province, en l\u2019occurrence Inezgane, connue pour son activit\u00e9 commerciale pr\u00e9pond\u00e9rante, non pas seulement au niveau locale et Regionsl, mais aussi \u00e0 l\u2019\u00e9chelon national et peut-\u00eatre m\u00eame mondial.<\/p>\n<p>En raison des carences qui \u00e9maillent l\u2019offre des soins dans les composantes de la province, il met le cap sur le dossier sanitaire auquel il voue un int\u00e9r\u00eat tout particulier et d\u00e9ploie des efforts m\u00e9ritoires, en complicit\u00e9 avec le corps \u00e9lu des commune territoriales, couronn\u00e9s r\u00e9cemment par la visite attendue du ministre de tutelle. La synergie de toutes les constituantes de la province, sous son impulsion a donc incit\u00e9 le d\u00e9partement de la sant\u00e9 \u00e0 mettre en \u0153uvre un accord-cadre de partenariat pour la mise \u00e0 niveau du secteur de sant\u00e9 dans la province.<\/p>\n<p>Dans ce sens, il est donc d\u00e9cid\u00e9 de construire et \u00e9quiper le centre hospitalier provincial \u00e0 A\u00eft Melloul, sur une surface de 6 ha et une enveloppe budg\u00e9taire de 81 millions de dirhams, repr\u00e9sentant l\u2019une des r\u00e9alisations phares dans la province, en plus du renforcement de plusieurs centres de sant\u00e9, r\u00e9partis dans une panoplie de quartiers des communes respectives.<\/p>\n<p>Il est \u00e0 rappeler que cette rencontre \u00e9tait rehauss\u00e9e par la pr\u00e9sence du Wali de la r\u00e9gion Souss Massa, du pr\u00e9sident du conseil r\u00e9gional et d\u2019un parterre de responsables administratif et repr\u00e9sentatif de la r\u00e9gion et la province. Ce n\u2019est en effet, qu\u2019une prestation parmi tant d\u2019autres qui ne cessent de fleurir dans une province en pleine \u00e9closion socio-\u00e9conomique.<\/p>\n<p>L\u2019article <a rel=\"nofollow\" href=\"http:\/\/albayane.press.ma\/une-conduite-comme-on-aimerait-tant-voir.html\">Une conduite comme on aimerait tant voir !<\/a> est apparu en premier sur <a rel=\"nofollow\" href=\"http:\/\/albayane.press.ma\/\">ALBAYANE<\/a>.<\/p>\n<\/div>\n<p>Auteur: M&rsquo;hammed rahal<br \/>\n<a href=\"http:\/\/albayane.press.ma\/une-conduite-comme-on-aimerait-tant-voir.html\">Cliquez ici pour lire l&rsquo;article depuis sa source.<\/a><\/p>\n","protected":false},"excerpt":{"rendered":"<p>Province d\u2019Inezgane A\u00eft Melloul Saoudi El Amalki Il y a a de ces commis de l\u2019Etat qui cr\u00e8vent l\u2019\u00e9cran par leur d\u00e9vouement supr\u00eame aux int\u00e9r\u00eats publics et leur loyalisme irr\u00e9cusable pour la bonne cause. Ils se mettent, corps et \u00e2me, au service de la cit\u00e9 et les citoyens, avec humilit\u00e9 et d\u00e9votion \u00e0 l\u2019\u00e9gard des [&hellip;]<\/p>\n","protected":false},"author":1760,"featured_media":0,"comment_status":"closed","ping_status":"closed","sticky":false,"template":"","format":"standard","meta":{"fifu_image_url":"","fifu_image_alt":"","footnotes":""},"categories":[73,54],"tags":[],"class_list":["post-140722","post","type-post","status-publish","format-standard","hentry","category-actualite","category-maroc"],"_links":{"self":[{"href":"https:\/\/linitiative.ca\/International\/wp-json\/wp\/v2\/posts\/140722","targetHints":{"allow":["GET"]}}],"collection":[{"href":"https:\/\/linitiative.ca\/International\/wp-json\/wp\/v2\/posts"}],"about":[{"href":"https:\/\/linitiative.ca\/International\/wp-json\/wp\/v2\/types\/post"}],"author":[{"embeddable":true,"href":"https:\/\/linitiative.ca\/International\/wp-json\/wp\/v2\/users\/1760"}],"replies":[{"embeddable":true,"href":"https:\/\/linitiative.ca\/International\/wp-json\/wp\/v2\/comments?post=140722"}],"version-history":[{"count":0,"href":"https:\/\/linitiative.ca\/International\/wp-json\/wp\/v2\/posts\/140722\/revisions"}],"wp:attachment":[{"href":"https:\/\/linitiative.ca\/International\/wp-json\/wp\/v2\/media?parent=140722"}],"wp:term":[{"taxonomy":"category","embeddable":true,"href":"https:\/\/linitiative.ca\/International\/wp-json\/wp\/v2\/categories?post=140722"},{"taxonomy":"post_tag","embeddable":true,"href":"https:\/\/linitiative.ca\/International\/wp-json\/wp\/v2\/tags?post=140722"}],"curies":[{"name":"wp","href":"https:\/\/api.w.org\/{rel}","templated":true}]}}