{"id":140723,"date":"2022-02-13T09:00:10","date_gmt":"2022-02-13T14:00:10","guid":{"rendered":"https:\/\/linitiative.ca\/International\/lopposition-demande-la-reunion-de-quatre-commissions-parlementaires\/"},"modified":"2022-02-13T09:00:10","modified_gmt":"2022-02-13T14:00:10","slug":"lopposition-demande-la-reunion-de-quatre-commissions-parlementaires","status":"publish","type":"post","link":"https:\/\/linitiative.ca\/International\/lopposition-demande-la-reunion-de-quatre-commissions-parlementaires\/","title":{"rendered":"L\u2019opposition demande la r\u00e9union de quatre commissions parlementaires"},"content":{"rendered":"<div>\n<p class=\"has-text-align-center has-vivid-red-color has-text-color\"><strong>Effets de la s\u00e9cheresse<\/strong><\/p>\n<p class=\"has-text-align-right\"><strong>M\u2019Barek Tafsi<\/strong><\/p>\n<p class=\"has-text-color\" style=\"color:#064be5\"><strong>Les groupes et le groupement parlementaires de l\u2019opposition \u00e0 la Chambre des repr\u00e9sentants ont demand\u00e9 la r\u00e9union d\u2019urgence des quatre commissions comp\u00e9tentes en pr\u00e9sence des ministres de l\u2019\u00e9quipement et de l\u2019eau Nizar Baraka, de l\u2019int\u00e9rieur Abdelouafi Laftit, de l\u2019agriculture Mohamed Sadiki et de l\u2019\u00e9conomie et des finances Mme Nadia Fettah Alaoui.<\/strong><\/p>\n<p>Les signataires de ces lettres que sont les pr\u00e9sidents des groupes du progr\u00e8s et du socialisme (PPS), Rachid Hamouni, socialiste (USFP), Abderrahim Chahid, Haraki (MP), Idriss Sentissi et du groupement du PJD, Abdellah Bouanou demandent au pr\u00e9sident de la commission des infrastructures, de l\u2019\u00e9nergie, des mines et de l\u2019environnement de convoquer en urgence une r\u00e9union de cette commission pour d\u00e9battre en pr\u00e9sence du ministre de l\u2019\u00e9quipement de la situation de crise de la raret\u00e9 des ressources en eau, \u00e0 l\u2019issue du recul de la retenue des barrages et des mesures urgentes prises pour assurer la s\u00e9curit\u00e9 hydrique.<\/p>\n<p>Selon eux, le Maroc fait face \u00e0 pr\u00e9sent \u00e0 un stress hydrique, qui s\u2019est aggrav\u00e9 cette ann\u00e9e du fait du d\u00e9ficit pluviom\u00e9trique enregistr\u00e9. Cette situation pr\u00e9sage d\u2019une vague de la soif qui se profile \u00e0 l\u2019horizon dans de nombreuses zones rurales et montagneuses et qui ne manquera pas d\u2019avoir des effets d\u00e9vastateurs sur les cultures et le cheptel.<\/p>\n<p>Pour les signataires de cette lettre, cette situation requiert la mise en place d\u2019un plan d\u2019urgence pour la gestion de la raret\u00e9 des eaux et la bonne gouvernance de leur \u00a0distribution \u00e9quitable et juste, l\u2019intensification des contr\u00f4les et l\u2019approvisionnement en eaux des zones rurales et montagneuses les plus touch\u00e9es.<\/p>\n<p>Ils ont \u00e9galement demand\u00e9 une r\u00e9union d\u2019urgence de la commission de l\u2019int\u00e9rieur, des collectivit\u00e9s territoriales et de la politique de la ville en pr\u00e9sence du ministre de l\u2019int\u00e9rieur \u00a0pour d\u00e9battre des effets de la s\u00e9cheresse et de ses r\u00e9percussions sur les habitants des zones rurales et montagneuses et de l\u2019\u00e9laboration d\u2019un plan d\u2019urgence pour en att\u00e9nuer l\u2019impact \u00e9conomique et social.<\/p>\n<p>Cette r\u00e9union devra \u00e9galement permettre d\u2019examiner les effets de cette crise qui touche de nombreuses r\u00e9gions dont les zones rurales et montagneuses, explique cette lettre, selon laquelle les agriculteurs et les \u00e9leveurs sont les plus affect\u00e9s en raison notamment de la chert\u00e9 des aliments de b\u00e9tail compos\u00e9s, la raret\u00e9 des aliments de b\u00e9tail distribu\u00e9s et le d\u00e9ficit hydrique qui concerne les eaux de boisson, d\u2019irrigation ou \u00a0pour permettre au cheptel de se d\u00e9salt\u00e9rer.<\/p>\n<p>Selon la lettre, la situation interpelle le gouvernement au sujet du plan d\u2019urgence qui sera \u00e9labor\u00e9 pour att\u00e9nuer les effets de la \u00a0s\u00e9cheresse.<\/p>\n<p>Dans une lettre similaire au pr\u00e9sident de la commission des secteurs productifs, les signataires demandent la r\u00e9union en urgence de cette derni\u00e8re en pr\u00e9sence du ministre de l\u2019agriculture pour d\u00e9battre \u00e9galement des effets de la s\u00e9cheresse sur les cultures et le cheptel et de la n\u00e9cessit\u00e9 d\u2019\u00e9laborer un programme d\u2019urgence pour att\u00e9nuer les effets de cette crise sur les agriculteurs et les \u00e9leveurs en premier lieu.<\/p>\n<p>Ils n\u2019ont pas manqu\u00e9 de souligner \u00e0 cette occasion que la chert\u00e9 des aliments de b\u00e9tail compos\u00e9s et l\u2019insuffisance des livraisons subventionn\u00e9es risquent d\u2019avoir des cons\u00e9quences dramatiques sur le cheptel\u00a0 qui risque de mourir de faim et de soif au cours de cette p\u00e9riode difficile.<\/p>\n<p>Ils ont \u00e9galement demand\u00e9 une r\u00e9union en urgence de la commission des finances et du d\u00e9veloppement \u00e9conomique en pr\u00e9sence de la ministre de l\u2019\u00e9conomie et des finances pour examiner les r\u00e9percussions \u00e9conomiques et sociales de la s\u00e9cheresse et en particulier sur le pouvoir d\u2019achat des citoyens et d\u00e9battre de la vision du gouvernement relative \u00e0 l\u2019\u00e9laboration du programme d\u2019urgence pour att\u00e9nuer les effets de cette catastrophe et \u00e0 la r\u00e9vision des options et des orientations de la politique financi\u00e8re du gouvernement lors de cette crise.<\/p>\n<p>Cette demande a pour objectif de parvenir \u00e0 d\u00e9terminer l\u2019\u00e9volution de la situation financi\u00e8re, \u00e9conomique et sociale \u00e0 la lumi\u00e8re de la crise de la s\u00e9cheresse, des r\u00e9percussions de la pand\u00e9mie de la Covid-19 et de passer en revue les mesures prises par le gouvernement pour y faire face.<\/p>\n<p>Elle se propose aussi de parvenir \u00e0 l\u2019\u00e9laboration d\u2019un programme d\u2019urgence pour att\u00e9nuer les effets de la s\u00e9cheresse et \u00e0 passer en revue les moyens de soutenir les couches touch\u00e9es dans le monde rural et les zones de montagne.<\/p>\n<p>L\u2019article <a rel=\"nofollow\" href=\"http:\/\/albayane.press.ma\/lopposition-demande-la-reunion-de-quatre-commissions-parlementaires.html\">L\u2019opposition demande la r\u00e9union de quatre commissions parlementaires<\/a> est apparu en premier sur <a rel=\"nofollow\" href=\"http:\/\/albayane.press.ma\/\">ALBAYANE<\/a>.<\/p>\n<\/div>\n<p>Auteur: M&rsquo;hammed rahal<br \/>\n<a href=\"http:\/\/albayane.press.ma\/lopposition-demande-la-reunion-de-quatre-commissions-parlementaires.html\">Cliquez ici pour lire l&rsquo;article depuis sa source.<\/a><\/p>\n","protected":false},"excerpt":{"rendered":"<p>Effets de la s\u00e9cheresse M\u2019Barek Tafsi Les groupes et le groupement parlementaires de l\u2019opposition \u00e0 la Chambre des repr\u00e9sentants ont demand\u00e9 la r\u00e9union d\u2019urgence des quatre commissions comp\u00e9tentes en pr\u00e9sence des ministres de l\u2019\u00e9quipement et de l\u2019eau Nizar Baraka, de l\u2019int\u00e9rieur Abdelouafi Laftit, de l\u2019agriculture Mohamed Sadiki et de l\u2019\u00e9conomie et des finances Mme Nadia [&hellip;]<\/p>\n","protected":false},"author":1760,"featured_media":0,"comment_status":"closed","ping_status":"closed","sticky":false,"template":"","format":"standard","meta":{"fifu_image_url":"","fifu_image_alt":"","footnotes":""},"categories":[73,54],"tags":[],"class_list":["post-140723","post","type-post","status-publish","format-standard","hentry","category-actualite","category-maroc"],"_links":{"self":[{"href":"https:\/\/linitiative.ca\/International\/wp-json\/wp\/v2\/posts\/140723","targetHints":{"allow":["GET"]}}],"collection":[{"href":"https:\/\/linitiative.ca\/International\/wp-json\/wp\/v2\/posts"}],"about":[{"href":"https:\/\/linitiative.ca\/International\/wp-json\/wp\/v2\/types\/post"}],"author":[{"embeddable":true,"href":"https:\/\/linitiative.ca\/International\/wp-json\/wp\/v2\/users\/1760"}],"replies":[{"embeddable":true,"href":"https:\/\/linitiative.ca\/International\/wp-json\/wp\/v2\/comments?post=140723"}],"version-history":[{"count":0,"href":"https:\/\/linitiative.ca\/International\/wp-json\/wp\/v2\/posts\/140723\/revisions"}],"wp:attachment":[{"href":"https:\/\/linitiative.ca\/International\/wp-json\/wp\/v2\/media?parent=140723"}],"wp:term":[{"taxonomy":"category","embeddable":true,"href":"https:\/\/linitiative.ca\/International\/wp-json\/wp\/v2\/categories?post=140723"},{"taxonomy":"post_tag","embeddable":true,"href":"https:\/\/linitiative.ca\/International\/wp-json\/wp\/v2\/tags?post=140723"}],"curies":[{"name":"wp","href":"https:\/\/api.w.org\/{rel}","templated":true}]}}