{"id":140724,"date":"2022-02-13T09:15:24","date_gmt":"2022-02-13T14:15:24","guid":{"rendered":"https:\/\/linitiative.ca\/International\/retour-sur-le-modele-organisationnel-la-dimension-juridique-et-communicationnelle\/"},"modified":"2022-02-13T09:15:24","modified_gmt":"2022-02-13T14:15:24","slug":"retour-sur-le-modele-organisationnel-la-dimension-juridique-et-communicationnelle","status":"publish","type":"post","link":"https:\/\/linitiative.ca\/International\/retour-sur-le-modele-organisationnel-la-dimension-juridique-et-communicationnelle\/","title":{"rendered":"Retour sur \u00able mod\u00e8le organisationnel: la dimension juridique et communicationnelle\u00bb"},"content":{"rendered":"<div>\n<p class=\"has-text-align-center has-vivid-red-color has-text-color\"><strong>2<sup>e<\/sup> rencontre-d\u00e9bat dans la perspective du 11<sup>e<\/sup> congr\u00e8s du PPS<\/strong><\/p>\n<p class=\"has-text-align-right\"><strong>Khalid Darfaf<\/strong><\/p>\n<div class=\"wp-block-image\">\n<figure class=\"alignright size-large is-resized\"><img decoding=\"async\" loading=\"lazy\" src=\"https:\/\/linitiative.ca\/International\/wp-content\/uploads\/sites\/23\/2022\/02\/3-6-1.jpg\" alt=\"\" class=\"wp-image-132182\" width=\"380\" height=\"253\"><\/figure>\n<\/div>\n<p class=\"has-text-color\" style=\"color:#0639e5\"><strong>Dans le cadre des pr\u00e9paratifs pour le XIe Congr\u00e8s national du Parti du progr\u00e8s et du socialisme (PPS), une rencontre-d\u00e9bat a \u00e9t\u00e9 organis\u00e9e, mercredi 9 f\u00e9vrier, autour du th\u00e8me \u00able mod\u00e8le organisationnel : la dimension juridique et la communication\u00bb.<\/strong><\/p>\n<p>Cette rencontre, la deuxi\u00e8me en son genre, a \u00e9t\u00e9 encadr\u00e9e par des membres du bureau politique, notamment Mustapha Addichane, Tarim Tej, Charafat Afailal et Rachid Roukbane et a \u00e9t\u00e9 marqu\u00e9e par la participation de plusieurs militantes et militants du Parti. La mod\u00e9ration a \u00e9t\u00e9 assur\u00e9e par Mohamed Hajjioui, membre du Comit\u00e9 central du Parti.<\/p>\n<p>Il faut dire que lors de ce meeting,\u00a0 les interventions furent unanimes sur la n\u00e9cessit\u00e9 d\u2019une r\u00e9vision juridique des statuts du Parti et la promotion des outils de communication en vue de la mise en place d\u2019un mod\u00e8le organisationnel efficient, capable de concr\u00e9tiser les id\u00e9es et les visions exprim\u00e9es par tous les membres du Parti. Atteindre un tel objectif requiert, d\u2019abord, une r\u00e9flexion collective sur les strat\u00e9gies \u00e0 adopter pour la mise en \u0153uvre des id\u00e9es aussi bien au niveau des sections r\u00e9gionales que provinciales, ont soulign\u00e9 les participants.<\/p>\n<p><strong>Charafat Afailal\u00a0: \u00abentamer un d\u00e9bat politique approfondi\u00bb<\/strong><\/p>\n<div class=\"wp-block-image\">\n<figure class=\"alignleft size-large is-resized\"><img decoding=\"async\" loading=\"lazy\" src=\"https:\/\/linitiative.ca\/International\/wp-content\/uploads\/sites\/23\/2022\/02\/3-8-1.jpg\" alt=\"\" class=\"wp-image-132183\" width=\"342\" height=\"244\"><\/figure>\n<\/div>\n<p>Prenant la parole, Charafat Afailal a indiqu\u00e9 que le prochain Congr\u00e8s constitue\u00a0 une \u00e9tape organisationnelle historique et distingu\u00e9e dans l\u2019histoire du PPS.\u00a0 Le but escompt\u00e9, a-t-elle insist\u00e9, consiste \u00e0 mener\u00a0 un d\u00e9bat politique approfondi entre les diff\u00e9rentes organisations, g\u00e9n\u00e9rations et dirigeants du Parti. Il s\u2019agit, en fait, d\u2019une \u00e9tape qui s\u2019inscrit dans le cadre de d\u00e9lib\u00e9ration autour de plusieurs questions internes et nationales, entre autres, qui est encadr\u00e9e par le document intitul\u00e9 : \u00abDans la perspective des pr\u00e9paratifs du XIe Congr\u00e8s national : pistes de r\u00e9flexion et de d\u00e9bat\u00bb.<\/p>\n<p>Cela \u00e9tant,\u00a0 le d\u00e9bat interne lanc\u00e9 il y a quelques jours par le Parti dans la perspective de l\u2019organisation du XIe Congr\u00e8s national est d\u2019une importance cruciale, car les militantes et les militants sont appel\u00e9s \u00e0 \u00e9mettre et discuter d\u2019un certain nombre de probl\u00e9matiques\u00a0 portant sur le devenir du Parti, ses positions et la r\u00e9vision de certains concepts qui ne sont plus d\u2019actualit\u00e9, voire d\u00e9pass\u00e9s par la r\u00e9alit\u00e9, tout en se conformant \u00e0 la dialectique de la fid\u00e9lit\u00e9 et du renouveau. Abondant dans le m\u00eame ordre d\u2019id\u00e9es, la conf\u00e9renci\u00e8re a invit\u00e9 les militantes et militants \u00e0 faire de cette \u00e9tape organisationnelle, un carrefour de production d\u2019id\u00e9es et la r\u00e9novation de certains concepts id\u00e9ologiques tout en \u00e9tant ouvert sur les exigences de la r\u00e9alit\u00e9 et \u0153uvrer \u00e0 int\u00e9grer les nouvelles g\u00e9n\u00e9rations dans les rangs du Parti dans le cadre d\u2019une politique d\u2019ouverture et d\u2019une d\u00e9marche interactive. Pour ce faire,\u00a0 il est imp\u00e9ratif de se pencher sur la r\u00e9novation du discours politique, la cr\u00e9ation de nouveaux outils organisationnels, soulignant dans ce sens que le syst\u00e8me organisationnel inspir\u00e9 par le camp de l\u2019Est a trouv\u00e9 ses limites et ne r\u00e9pond point aux besoins de la g\u00e9n\u00e9ration actuelle qui est davantage ouverte sur le monde digital et les r\u00e9seaux sociaux. Autrement dit, les membres du Parti sont dans l\u2019obligation de faire preuve d\u2019un esprit de cr\u00e9ativit\u00e9 et de s\u2019approprier, par cons\u00e9quent,\u00a0\u00a0 de nouveaux m\u00e9canismes organisationnels capables de r\u00e9concilier les nouvelles g\u00e9n\u00e9rations avec l\u2019action politique.<\/p>\n<p><strong>Mustapha Addichane\u00a0: \u00abRenforcer les structures du Parti\u00bb<\/strong><\/p>\n<div class=\"wp-block-image\">\n<figure class=\"alignright size-large is-resized\"><img decoding=\"async\" loading=\"lazy\" src=\"https:\/\/linitiative.ca\/International\/wp-content\/uploads\/sites\/23\/2022\/02\/3-5-1.jpg\" alt=\"\" class=\"wp-image-132184\" width=\"348\" height=\"254\"><\/figure>\n<\/div>\n<p>De son c\u00f4t\u00e9, Mustapha Addichane, a estim\u00e9 que la question organisationnelle n\u2019est pas un point de formalit\u00e9, loin s\u2019en faut, elle a pour finalit\u00e9 la pr\u00e9servation de l\u2019identit\u00e9 du Parti et son autonomie de d\u00e9cision. En termes plus clairs, cela vise \u00e0 raffermir les structures du Parti et renforcer sa pr\u00e9sence et son rayonnement politique.\u00a0 Et d\u2019ajouter que le Parti du Livre, durant plusieurs d\u00e9cennies, a souvent fait montre d\u2019un esprit pratique et de visions anticipatrices, tr\u00e8s avanc\u00e9es par rapport \u00e0 leur temps. Pour lui, l\u2019un des enjeux majeurs pour r\u00e9ussir la prochaine \u00e9tape est de pr\u00e9server l\u2019identit\u00e9 du Parti. Pour ce faire, les membres du Parti doivent se conformer \u00e0 la discipline partisane et agir avec abn\u00e9gation, s\u00e9rieux et probit\u00e9. Ce fut d\u2019ailleurs toujours le cas pour le Parti, qui a \u00e9t\u00e9 toujours fid\u00e8le \u00e0 son cr\u00e9do de probit\u00e9. Autre point non moins important, porte sur le financement du Parti, en mettant l\u2019accent sur les contributions financi\u00e8res mensuelles ou annuelles afin de garantir une gestion efficace du Parti.<\/p>\n<p><strong>Rachid Roukbane\u00a0:\u00a0\u00abPour une flexibilit\u00e9 organisationnelle\u00bb<\/strong><\/p>\n<div class=\"wp-block-image\">\n<figure class=\"alignright size-large is-resized\"><img decoding=\"async\" loading=\"lazy\" src=\"https:\/\/linitiative.ca\/International\/wp-content\/uploads\/sites\/23\/2022\/02\/3-4-1.jpg\" alt=\"\" class=\"wp-image-132185\" width=\"385\" height=\"256\"><\/figure>\n<\/div>\n<p>Par ailleurs, Rachid Roukbane, a appel\u00e9 \u00e0 la n\u00e9cessit\u00e9 de l\u2019\u00e9laboration d\u2019une nouvelle vision en indiquant que les changements sociaux qu\u2019a connus le Maroc aussi bien au niveau de la communication que de l\u2019organisation ou encore des id\u00e9es, nous invite \u00e0 approfondir le d\u00e9bat et \u00e9tablir un diagnostic en bonne et due forme afin de cr\u00e9er de nouveaux m\u00e9canismes capables de pouvoir accompagner ces changements.\u00a0 Et d\u2019ajouter que ces transformations soci\u00e9tales ne concernent pas\u00a0 uniquement le Maroc, notant \u00e0 cet \u00e9gard que de nombreuses soci\u00e9t\u00e9s et forces politiques se sont ing\u00e9ni\u00e9es, \u00e0 leurs tours, de produire de nouveaux m\u00e9canismes afin de les adapter \u00e0 ces changements, et ce, en prenant en consid\u00e9ration les particularit\u00e9s et les sp\u00e9cificit\u00e9s de leurs pays. L\u2019ancien d\u00e9put\u00e9 du PPS a estim\u00e9 que les exp\u00e9riences politiquement r\u00e9ussies ont des d\u00e9nominateurs communs, <strong>dont le premier porte sur la flexibilit\u00e9 des organisations,\u00a0 et s\u2019inscrivent en faux avec toute ligne de conduite rigide ou fig\u00e9e<\/strong>. Le deuxi\u00e8me d\u00e9nominateur commun entre ces exp\u00e9riences est la participation, d\u2019o\u00f9 la n\u00e9cessit\u00e9 d\u2019\u00e9tablir des m\u00e9canismes pour fixer les priorit\u00e9s et identifier les attentes et besoins des citoyens, en s\u2019appuyant sur les comp\u00e9tences du parti et des ressources humaines qualifi\u00e9es. Et de conclure, que les militantes et les militants du PPS sont appel\u00e9s \u00e0 approfondir la r\u00e9flexion collective afin de produire des m\u00e9canismes d\u2019organisation et de communication plus efficients et efficaces qui cr\u00e9eraient un ancrage dans l\u2019ensemble des cat\u00e9gories sociales et diffuser les id\u00e9es du Parti pour qu\u2019elles soient appropri\u00e9s par les citoyens.<\/p>\n<p><strong>Karim Tej : \u00abUne strat\u00e9gie de communication p\u00e9renne et interactive\u00bb<\/strong><\/p>\n<div class=\"wp-block-image\">\n<figure class=\"alignleft size-large is-resized\"><img decoding=\"async\" loading=\"lazy\" src=\"https:\/\/linitiative.ca\/International\/wp-content\/uploads\/sites\/23\/2022\/02\/3-7-1.jpg\" alt=\"\" class=\"wp-image-132186\" width=\"371\" height=\"256\"><\/figure>\n<\/div>\n<p>M\u00eame son de cloche chez Karim Tej, qui a mis en exergue les m\u00e9rites d\u2019une strat\u00e9gie de communication bien ficel\u00e9e afin de contribuer au rayonnement organisationnel et politique du Parti et renforcer sa pr\u00e9sence dans les diverses cat\u00e9gories sociales. Le membre du bureau politique a d\u00e9clar\u00e9 que les militants du Parti doivent s\u2019atteler \u00e0 l\u2019\u00e9laboration d\u2019une strat\u00e9gie de communication p\u00e9renne et\u00a0 interactive avec les citoyens. Cette politique de communication doit \u00eatre appropri\u00e9e par les militantes et militants du Parti, ses organisations parall\u00e8les, ses sections r\u00e9gionales et provinciales.\u00a0 Karim Taj a clarifi\u00e9 qu\u2019en d\u00e9pit des moyens dont dispose le PPS par rapport \u00e0 d\u2019autres partis politiques, il a su,\u00a0 ces derni\u00e8res ann\u00e9es,\u00a0 assurer\u00a0 une forte pr\u00e9sence sur la sc\u00e8ne politique nationale en interagissant positivement\u00a0 avec les citoyens. Cela est d\u00fb aux efforts consentis dans le domaine de la communication, en expliquant que le probl\u00e8me r\u00e9side dans l\u2019irr\u00e9gularit\u00e9 de ces efforts, appelant \u00e0 la mise en place d\u2019une politique de communication int\u00e9gr\u00e9e et son institutionnalisation au niveau des diverses sections du Parti. Ainsi, il a appel\u00e9 l\u2019ensemble des militants \u00e0 faire du prochain Congr\u00e8s une \u00e9tape pour aller de l\u2019avant et de s\u2019adapter aux \u00e9volutions et au d\u00e9veloppement que connait le domaine num\u00e9rique d\u2019en faire un outil pour le d\u00e9veloppement du Parti.<\/p>\n<p>L\u2019article <a rel=\"nofollow\" href=\"http:\/\/albayane.press.ma\/retour-sur-le-modele-organisationnel-la-dimension-juridique-et-communicationnelle.html\">Retour sur \u00able mod\u00e8le organisationnel: la dimension juridique et communicationnelle\u00bb<\/a> est apparu en premier sur <a rel=\"nofollow\" href=\"http:\/\/albayane.press.ma\/\">ALBAYANE<\/a>.<\/p>\n<\/div>\n<p>Auteur: M&rsquo;hammed rahal<br \/>\n<a href=\"http:\/\/albayane.press.ma\/retour-sur-le-modele-organisationnel-la-dimension-juridique-et-communicationnelle.html\">Cliquez ici pour lire l&rsquo;article depuis sa source.<\/a><\/p>\n","protected":false},"excerpt":{"rendered":"<p>2e rencontre-d\u00e9bat dans la perspective du 11e congr\u00e8s du PPS Khalid Darfaf Dans le cadre des pr\u00e9paratifs pour le XIe Congr\u00e8s national du Parti du progr\u00e8s et du socialisme (PPS), une rencontre-d\u00e9bat a \u00e9t\u00e9 organis\u00e9e, mercredi 9 f\u00e9vrier, autour du th\u00e8me \u00able mod\u00e8le organisationnel : la dimension juridique et la communication\u00bb. Cette rencontre, la deuxi\u00e8me [&hellip;]<\/p>\n","protected":false},"author":1760,"featured_media":0,"comment_status":"closed","ping_status":"closed","sticky":false,"template":"","format":"standard","meta":{"fifu_image_url":"http:\/\/albayane.press.ma\/wp-content\/uploads\/3-6-1.jpg","fifu_image_alt":"Retour sur \u00able mod\u00e8le organisationnel: la dimension juridique et communicationnelle\u00bb","footnotes":""},"categories":[73,54],"tags":[],"class_list":["post-140724","post","type-post","status-publish","format-standard","hentry","category-actualite","category-maroc"],"_links":{"self":[{"href":"https:\/\/linitiative.ca\/International\/wp-json\/wp\/v2\/posts\/140724","targetHints":{"allow":["GET"]}}],"collection":[{"href":"https:\/\/linitiative.ca\/International\/wp-json\/wp\/v2\/posts"}],"about":[{"href":"https:\/\/linitiative.ca\/International\/wp-json\/wp\/v2\/types\/post"}],"author":[{"embeddable":true,"href":"https:\/\/linitiative.ca\/International\/wp-json\/wp\/v2\/users\/1760"}],"replies":[{"embeddable":true,"href":"https:\/\/linitiative.ca\/International\/wp-json\/wp\/v2\/comments?post=140724"}],"version-history":[{"count":0,"href":"https:\/\/linitiative.ca\/International\/wp-json\/wp\/v2\/posts\/140724\/revisions"}],"wp:attachment":[{"href":"https:\/\/linitiative.ca\/International\/wp-json\/wp\/v2\/media?parent=140724"}],"wp:term":[{"taxonomy":"category","embeddable":true,"href":"https:\/\/linitiative.ca\/International\/wp-json\/wp\/v2\/categories?post=140724"},{"taxonomy":"post_tag","embeddable":true,"href":"https:\/\/linitiative.ca\/International\/wp-json\/wp\/v2\/tags?post=140724"}],"curies":[{"name":"wp","href":"https:\/\/api.w.org\/{rel}","templated":true}]}}