{"id":140735,"date":"2022-02-13T06:06:44","date_gmt":"2022-02-13T11:06:44","guid":{"rendered":"https:\/\/linitiative.ca\/International\/coup-denvoi-de-la-1ere-edition-du-festival-international-du-conte\/"},"modified":"2022-02-13T06:06:44","modified_gmt":"2022-02-13T11:06:44","slug":"coup-denvoi-de-la-1ere-edition-du-festival-international-du-conte","status":"publish","type":"post","link":"https:\/\/linitiative.ca\/International\/coup-denvoi-de-la-1ere-edition-du-festival-international-du-conte\/","title":{"rendered":"Coup d\u2019envoi de la 1\u00e8re \u00e9dition du Festival International du Conte"},"content":{"rendered":"<div>\n<div style=\"margin-bottom:20px;\"><img loading=\"lazy\" decoding=\"async\" width=\"750\" height=\"430\" src=\"https:\/\/linitiative.ca\/International\/wp-content\/uploads\/sites\/23\/2022\/02\/festival-copier-1.jpg\" class=\"attachment-post-thumbnail size-post-thumbnail wp-post-image\" alt=\"\" srcset=\"https:\/\/linitiative.ca\/International\/wp-content\/uploads\/sites\/23\/2022\/02\/festival-copier-1.jpg 750w, https:\/\/www.mapmarrakech.ma\/map\/uploads\/2022\/02\/festival-copier-1-300x172.jpg 300w\" sizes=\"auto, (max-width: 750px) 100vw, 750px\"><\/div>\n<p>Ce premier spectacle est une v\u00e9ritable invitation au voyage et \u00e0 la d\u00e9couverte de contes et de l\u00e9gendes racont\u00e9s par des artistes qui savent capter l\u2019attention des auditeurs et manier la langue, tout en \u00e9tablissant, avec finesse et aisance, le contact avec le public.<\/p>\n<p>Ainsi, le public parmi les Marrakchis et les h\u00f4tes de la Cit\u00e9 ocre ont \u00e9t\u00e9 au rendez-vous, lors de cette premi\u00e8re soir\u00e9e, avec des conteurs issus des quatre coins de la plan\u00e8te. De grands ma\u00eetres ayant vou\u00e9 leur vie \u00e0 ce genre artistique de la culture orale et populaire, et qui ne cessent de militer pour la sauvegarde et la p\u00e9rennisation de ce patrimoine immat\u00e9riel.<\/p>\n<p>Ce spectacle a \u00e9t\u00e9 aussi l\u2019occasion pour le public d\u2019appr\u00e9cier et de suivre une vari\u00e9t\u00e9 de contes mais aussi, de rencontrer des conteurs aux diff\u00e9rents styles, et de d\u00e9couvrir moult mani\u00e8res de narration, combien repr\u00e9sentatives de diff\u00e9rents pays et de civilisations.<\/p>\n<p>Des contes, qui se veulent de v\u00e9ritables \u00ab\u00a0focus\u00a0\u00bb sur des l\u00e9gendes propres \u00e0 chaque pays, des personnages mythiques, et des exploits de personnalit\u00e9s historiques, outre des histoires relatant le quotidien et le v\u00e9cu des gens et refl\u00e9tant leurs pr\u00e9occupations.<\/p>\n<p>Via ce Festival, les organisateurs ont tenu \u00e0 donner aussi la parole \u00e0 cette nouvelle g\u00e9n\u00e9ration de conteurs, \u00ab\u00a0ambitieuse\u00a0\u00bb et \u00ab\u00a0intelligente\u00a0\u00bb, qui sont conscients de la n\u00e9cessit\u00e9 de renouveler cet art authentique menac\u00e9 de disparition, en recourant aux nouvelles technologies de l\u2019information pour sa diffusion notamment en cette p\u00e9riode de crise sanitaire mondiale.<\/p>\n<p>Le premier spectacle programm\u00e9 dans le cadre de ce festival a \u00e9t\u00e9 pr\u00e9sent\u00e9 dans un caf\u00e9 d\u00e9di\u00e9 au conte et fond\u00e9 par la psychoth\u00e9rapeute britannique Lucie AndersenWood qui croit aux vertus th\u00e9rapeutiques de la narration et du conte.<\/p>\n<p>Ce projet fait suite \u00e0 un projet en ligne extr\u00eamement r\u00e9ussi qui a diffus\u00e9 plus de 1.000 heures de narration pendant la pand\u00e9mie.<\/p>\n<p>Dans une d\u00e9claration \u00e0 M24, la chaine t\u00e9l\u00e9vis\u00e9e de l\u2019information en continu de la MAP, le c\u00e9l\u00e8bre conteur anglais, John Row, a salu\u00e9 l\u2019initiative de la cr\u00e9ation de ce caf\u00e9 d\u00e9di\u00e9 au conte, et qui sera une attraction touristique majeure de la cit\u00e9 ocre, relevant que le caf\u00e9 aura cette caract\u00e9ristique de transmettre en direct des spectacles via le web, dans les quatre coins de la plan\u00e8te, de m\u00eame qu\u2019il diffusera en direct des spectacles jou\u00e9s dans d\u2019autres pays. M.Row a, de m\u00eame estim\u00e9 que l\u2019art du conte a toujours sa place dans le mode d\u2019aujourd\u2019hui en d\u00e9pit du foisonnement num\u00e9rique, relevant que le conte reste tr\u00e8s populaire et les gens s\u2019int\u00e9ressent encore \u00e0 ce genre artistique ancestral.<\/p>\n<p>De son c\u00f4t\u00e9, le jeune conteur et directeur du festival, Zouhair Khaznaoui, a indiqu\u00e9 que cette manifestation culturelle vise \u00e0 promouvoir le tourisme culturel dans la cit\u00e9 ocre, qui dispose de toutes les potentialit\u00e9s \u00e0 m\u00eame de faire de cette ville une destination culturelle par excellence, relevant que Marrakech et la place Jema\u00e2 Fna aspirent \u00e0 drainer tout au long de l\u2019ann\u00e9e, des conteurs issus des diff\u00e9rents pays, ce qui est de nature \u00e0 contribuer \u00e0 faire de cette place un lieu cosmopolite et de brassage des cultures.<\/p>\n<p>Et de faire savoir qu\u2019en plus des spectacles, le fait marquant de ce festival sera une procession des conteurs, qui partira de la M\u00e9dina de Marrakech \u00e0 destination de la mythique place Jema\u00e2 Fna.<\/p>\n<p>Ce d\u00e9fil\u00e9 vise \u00e0 diffuser un message fort \u00e0 savoir que les conteurs et l\u2019art du conte sont toujours pr\u00e9sents en force dans la Cit\u00e9 ocre et sur la sc\u00e8ne culturelle et artistique locale, alors que la pand\u00e9mie de la Covid-19, qui a impos\u00e9 l\u2019arr\u00eat des spectacles dans la mythique place, ne sera qu\u2019une courte parenth\u00e8se dans l\u2019histoire de ce lieu embl\u00e9matique.<\/p>\n<p>Dans une d\u00e9claration similaire, le conteur Mekkourri Abderrahim alias \u00ab\u00a0Azalia\u00a0\u00bb, a soulign\u00e9 que ce festival se tient dans une ville dot\u00e9e d\u2019une tradition de conte mill\u00e9naire, mais aussi une ville, par excellence, de l\u2019anecdote et des arts populaires, relevant que ce genre artistique attire aujourd\u2019hui une nouvelle g\u00e9n\u00e9ration de conteurs laur\u00e9ats d\u2019\u00e9tablissements d\u2019enseignement sup\u00e9rieur, qui ont appris les r\u00e8gles de cet art aupr\u00e8s de maitres conteurs de la place de Jema\u00e2 Fna.<\/p>\n<p>Cette nouvelle g\u00e9n\u00e9ration de conteurs est capable d\u2019insuffler une nouvelle dynamique \u00e0 ce genre artistique et \u00e0 garantir ainsi sa p\u00e9rennit\u00e9, a-t-il estim\u00e9.<\/p>\n<p>Organis\u00e9 avec le soutien de plusieurs partenaires, dont l\u2019Ambassade de Grande-Bretagne au Maroc, l\u2019Union des conteurs de Marrakech et l\u2019Association Al Muniya, la premi\u00e8re \u00e9dition du Festival International du Conte de Marrakech connait la participation d\u2019une quarantaine de conteurs issus des cinq Continents.<\/p>\n<p>Le festival sera multilingue avec des r\u00e9cits en anglais ainsi que dans de nombreuses autres langues, y compris le Fran\u00e7ais, Darija (dialecte) et l\u2019Amazigh.<br \/>\nLes spectacles programm\u00e9s dans le cadre de ce festival investiront plusieurs espaces embl\u00e9matiques de la Cit\u00e9 ocre, tels que la place Jema\u00e2 El Fnaa, Al Muniya Centre, Caf\u00e9 Clock, World Storytelling Caf\u00e9, Caf\u00e9 Arabe, Dar Bellarj, Henna Caf\u00e9, l\u2019Universit\u00e9 Cadi Ayyad et le Complexe administratif et culturel Mohammed VI.<\/p>\n<p>The post <a rel=\"nofollow\" href=\"https:\/\/www.mapmarrakech.ma\/fr\/coup-denvoi-de-la-1ere-edition-du-festival-international-du-conte\/\">Coup d\u2019envoi de la 1\u00e8re \u00e9dition du Festival International du Conte<\/a> appeared first on <a rel=\"nofollow\" href=\"https:\/\/www.mapmarrakech.ma\/fr\">MapMarrakech<\/a>.<\/p>\n<\/div>\n<p>Auteur: Meriem IGASS<br \/>\n<a href=\"https:\/\/www.mapmarrakech.ma\/fr\/coup-denvoi-de-la-1ere-edition-du-festival-international-du-conte\/\">Cliquez ici pour lire l&rsquo;article depuis sa source.<\/a><\/p>\n","protected":false},"excerpt":{"rendered":"<p>Ce premier spectacle est une v\u00e9ritable invitation au voyage et \u00e0 la d\u00e9couverte de contes et de l\u00e9gendes racont\u00e9s par des artistes qui savent capter l\u2019attention des auditeurs et manier la langue, tout en \u00e9tablissant, avec finesse et aisance, le contact avec le public. Ainsi, le public parmi les Marrakchis et les h\u00f4tes de la [&hellip;]<\/p>\n","protected":false},"author":1788,"featured_media":0,"comment_status":"closed","ping_status":"closed","sticky":false,"template":"","format":"standard","meta":{"fifu_image_url":"https:\/\/www.mapmarrakech.ma\/map\/uploads\/2022\/02\/festival-copier-1.jpg","fifu_image_alt":"Coup d\u2019envoi de la 1\u00e8re \u00e9dition du Festival International du Conte","footnotes":""},"categories":[54,76],"tags":[],"class_list":["post-140735","post","type-post","status-publish","format-standard","hentry","category-maroc","category-regions"],"_links":{"self":[{"href":"https:\/\/linitiative.ca\/International\/wp-json\/wp\/v2\/posts\/140735","targetHints":{"allow":["GET"]}}],"collection":[{"href":"https:\/\/linitiative.ca\/International\/wp-json\/wp\/v2\/posts"}],"about":[{"href":"https:\/\/linitiative.ca\/International\/wp-json\/wp\/v2\/types\/post"}],"author":[{"embeddable":true,"href":"https:\/\/linitiative.ca\/International\/wp-json\/wp\/v2\/users\/1788"}],"replies":[{"embeddable":true,"href":"https:\/\/linitiative.ca\/International\/wp-json\/wp\/v2\/comments?post=140735"}],"version-history":[{"count":0,"href":"https:\/\/linitiative.ca\/International\/wp-json\/wp\/v2\/posts\/140735\/revisions"}],"wp:attachment":[{"href":"https:\/\/linitiative.ca\/International\/wp-json\/wp\/v2\/media?parent=140735"}],"wp:term":[{"taxonomy":"category","embeddable":true,"href":"https:\/\/linitiative.ca\/International\/wp-json\/wp\/v2\/categories?post=140735"},{"taxonomy":"post_tag","embeddable":true,"href":"https:\/\/linitiative.ca\/International\/wp-json\/wp\/v2\/tags?post=140735"}],"curies":[{"name":"wp","href":"https:\/\/api.w.org\/{rel}","templated":true}]}}