{"id":140737,"date":"2022-02-13T07:06:20","date_gmt":"2022-02-13T12:06:20","guid":{"rendered":"https:\/\/linitiative.ca\/International\/previsions-meteorologiques-pour-le-lundi-14-fevrier-2022\/"},"modified":"2022-02-13T07:06:20","modified_gmt":"2022-02-13T12:06:20","slug":"previsions-meteorologiques-pour-le-lundi-14-fevrier-2022","status":"publish","type":"post","link":"https:\/\/linitiative.ca\/International\/previsions-meteorologiques-pour-le-lundi-14-fevrier-2022\/","title":{"rendered":"Pr\u00e9visions m\u00e9t\u00e9orologiques pour le lundi 14 f\u00e9vrier 2022"},"content":{"rendered":"<div>\n<div style=\"margin-bottom:20px;\"><img loading=\"lazy\" decoding=\"async\" width=\"750\" height=\"430\" src=\"https:\/\/linitiative.ca\/International\/wp-content\/uploads\/sites\/23\/2022\/02\/soleil-2.jpg\" class=\"attachment-post-thumbnail size-post-thumbnail wp-post-image\" alt=\"\" srcset=\"https:\/\/linitiative.ca\/International\/wp-content\/uploads\/sites\/23\/2022\/02\/soleil-2.jpg 750w, https:\/\/www.mapmarrakech.ma\/map\/uploads\/2022\/02\/soleil-2-300x172.jpg 300w\" sizes=\"auto, (max-width: 750px) 100vw, 750px\"><\/div>\n<p align=\"justify\">\u2013 Temps assez froid la nuit et la matin\u00e9e sur l\u2019Atlas, le Rif, le\u00a0Sud-Est, les plateaux de Phosphates et l\u2019Oriental avec gel\u00e9e\u00a0locale.<\/p>\n<p align=\"justify\">\u2013 Temps souvent \u00e0 passag\u00e8rement nuageux sur le Tang\u00e9rois,\u00a0Loukkos, le Rif, le Saiss, le Gharb, le Moyen Atlas et les plaines\u00a0au Nord de Safi avec gouttes ou faibles pluies par moments et\u00a0par endroits.<\/p>\n<p align=\"justify\">\u2013 Formations brumeuses matines et nocturnes sur les plaines\u00a0Nord et Centre et le Nord des provinces du Sud.<\/p>\n<p align=\"justify\">\u2013 Quelques chasse-poussi\u00e8res sur l\u2019extr\u00eame Sud.<\/p>\n<p align=\"justify\">\u2013 Vent mod\u00e9r\u00e9 \u00e0 parfois assez fort de Nord sur les c\u00f4tes Centre\u00a0et Sud et d\u2019Est sur la M\u00e9diterran\u00e9e et faible \u00e0 mod\u00e9r\u00e9, de Nord\u00a0\u00e0 Ouest ailleurs.<\/p>\n<p align=\"justify\">\u2013 Mer peu agit\u00e9e \u00e0 agit\u00e9e sur la M\u00e9diterran\u00e9e, peu agit\u00e9e sur le D\u00e9troit et peu agit\u00e9e \u00e0 agit\u00e9e sur l\u2019Atlantique, devenant localement agit\u00e9e l\u2019apr\u00e8s-midi entre Larache et Tarfaya.<\/p>\n<p>The post <a rel=\"nofollow\" href=\"https:\/\/www.mapmarrakech.ma\/fr\/previsions-meteorologiques-pour-le-lundi14-fevrier-2022\/\">Pr\u00e9visions m\u00e9t\u00e9orologiques pour le lundi 14 f\u00e9vrier 2022<\/a> appeared first on <a rel=\"nofollow\" href=\"https:\/\/www.mapmarrakech.ma\/fr\">MapMarrakech<\/a>.<\/p>\n<\/div>\n<p>Auteur: Meriem IGASS<br \/>\n<a href=\"https:\/\/www.mapmarrakech.ma\/fr\/previsions-meteorologiques-pour-le-lundi14-fevrier-2022\/\">Cliquez ici pour lire l&rsquo;article depuis sa source.<\/a><\/p>\n","protected":false},"excerpt":{"rendered":"<p>\u2013 Temps assez froid la nuit et la matin\u00e9e sur l\u2019Atlas, le Rif, le\u00a0Sud-Est, les plateaux de Phosphates et l\u2019Oriental avec gel\u00e9e\u00a0locale. \u2013 Temps souvent \u00e0 passag\u00e8rement nuageux sur le Tang\u00e9rois,\u00a0Loukkos, le Rif, le Saiss, le Gharb, le Moyen Atlas et les plaines\u00a0au Nord de Safi avec gouttes ou faibles pluies par moments et\u00a0par endroits. [&hellip;]<\/p>\n","protected":false},"author":1788,"featured_media":0,"comment_status":"closed","ping_status":"closed","sticky":false,"template":"","format":"standard","meta":{"fifu_image_url":"https:\/\/www.mapmarrakech.ma\/map\/uploads\/2022\/02\/soleil-2.jpg","fifu_image_alt":"Pr\u00e9visions m\u00e9t\u00e9orologiques pour le lundi 14 f\u00e9vrier 2022","footnotes":""},"categories":[54,76],"tags":[],"class_list":["post-140737","post","type-post","status-publish","format-standard","hentry","category-maroc","category-regions"],"_links":{"self":[{"href":"https:\/\/linitiative.ca\/International\/wp-json\/wp\/v2\/posts\/140737","targetHints":{"allow":["GET"]}}],"collection":[{"href":"https:\/\/linitiative.ca\/International\/wp-json\/wp\/v2\/posts"}],"about":[{"href":"https:\/\/linitiative.ca\/International\/wp-json\/wp\/v2\/types\/post"}],"author":[{"embeddable":true,"href":"https:\/\/linitiative.ca\/International\/wp-json\/wp\/v2\/users\/1788"}],"replies":[{"embeddable":true,"href":"https:\/\/linitiative.ca\/International\/wp-json\/wp\/v2\/comments?post=140737"}],"version-history":[{"count":0,"href":"https:\/\/linitiative.ca\/International\/wp-json\/wp\/v2\/posts\/140737\/revisions"}],"wp:attachment":[{"href":"https:\/\/linitiative.ca\/International\/wp-json\/wp\/v2\/media?parent=140737"}],"wp:term":[{"taxonomy":"category","embeddable":true,"href":"https:\/\/linitiative.ca\/International\/wp-json\/wp\/v2\/categories?post=140737"},{"taxonomy":"post_tag","embeddable":true,"href":"https:\/\/linitiative.ca\/International\/wp-json\/wp\/v2\/tags?post=140737"}],"curies":[{"name":"wp","href":"https:\/\/api.w.org\/{rel}","templated":true}]}}