{"id":140739,"date":"2022-02-13T11:54:27","date_gmt":"2022-02-13T16:54:27","guid":{"rendered":"https:\/\/linitiative.ca\/International\/634-cas-plus-de-5-millions-de-personnes-ont-recu-trois-doses\/"},"modified":"2022-02-13T11:54:27","modified_gmt":"2022-02-13T16:54:27","slug":"634-cas-plus-de-5-millions-de-personnes-ont-recu-trois-doses","status":"publish","type":"post","link":"https:\/\/linitiative.ca\/International\/634-cas-plus-de-5-millions-de-personnes-ont-recu-trois-doses\/","title":{"rendered":"634 cas, plus de 5 millions de personnes ont re\u00e7u trois doses"},"content":{"rendered":"<div>\n<div style=\"margin-bottom:20px;\"><img loading=\"lazy\" decoding=\"async\" width=\"750\" height=\"430\" src=\"https:\/\/linitiative.ca\/International\/wp-content\/uploads\/sites\/23\/2022\/02\/cov-fr-4.jpg\" class=\"attachment-post-thumbnail size-post-thumbnail wp-post-image\" alt=\"\" srcset=\"https:\/\/linitiative.ca\/International\/wp-content\/uploads\/sites\/23\/2022\/02\/cov-fr-4.jpg 750w, https:\/\/www.mapmarrakech.ma\/map\/uploads\/2022\/02\/cov-fr-4-300x172.jpg 300w\" sizes=\"auto, (max-width: 750px) 100vw, 750px\"><\/div>\n<p>Dans son bulletin quotidien sur la situation \u00e9pid\u00e9miologique, le minist\u00e8re a en outre pr\u00e9cis\u00e9 que le nombre de primo-vaccin\u00e9s a atteint 24.702.344, celui des personnes ayant re\u00e7u deux doses s\u2019\u00e9l\u00e8ve \u00e0 23.137.116, alors que 5.089.940 personnes ont eu trois injections du vaccin.<\/p>\n<p>Le nouveau bilan d\u2019infections porte \u00e0 1.155.165 le nombre total des contaminations depuis le premier cas signal\u00e9 au Maroc en mars 2020, tandis que le nombre des personnes r\u00e9tablies est pass\u00e9 \u00e0 1.123.370, soit un taux de gu\u00e9rison de 97,2%.<\/p>\n<p>Les nouveaux cas d\u2019infection ont \u00e9t\u00e9 recens\u00e9s dans les r\u00e9gions de F\u00e8s-Mekn\u00e8s (135), Rabat-Sal\u00e9-K\u00e9nitra (99), Casablanca-Settat (93), l\u2019Oriental (83), Tanger-T\u00e9touan-Al Hoceima (59), Marrakech-Safi (42), Souss-Massa (37), La\u00e2youne-Sakia El Hamra (35), B\u00e9ni Mellal-Kh\u00e9nifra (31), Dra\u00e2-Tafilalet (13) et Dakhla-Oued Eddahab (7).<\/p>\n<p>Le nombre total des d\u00e9c\u00e8s est pass\u00e9 \u00e0 15.781 (l\u00e9talit\u00e9 1,4%), avec 15 cas enregistr\u00e9s durant les derni\u00e8res 24 heures dans les r\u00e9gions de Casablanca-Settat (3), F\u00e8s-Mekn\u00e8s (2), Rabat-Sal\u00e9-K\u00e9nitra (2), l\u2019Oriental (2), Marrakech-Safi (2), La\u00e2youne-Sakia El Hamra (2), Guelmim-Oued Noun (1) et Tanger-T\u00e9touan-Al Hoceima (1).<\/p>\n<p>Les cas actifs sont au nombre de 16.014 alors que les cas s\u00e9v\u00e8res ou critiques ont atteint 47 en 24 heures, portant leur total \u00e0 514. Quant au taux d\u2019occupation des lits de r\u00e9animation, il se situe \u00e0 9,8 %.<\/p>\n<p>The post <a rel=\"nofollow\" href=\"https:\/\/www.mapmarrakech.ma\/fr\/634-cas-plus-de-5-millions-de-personnes-ont-recu-trois-doses\/\">634 cas, plus de 5 millions de personnes ont re\u00e7u trois doses<\/a> appeared first on <a rel=\"nofollow\" href=\"https:\/\/www.mapmarrakech.ma\/fr\">MapMarrakech<\/a>.<\/p>\n<\/div>\n<p>Auteur: Meriem IGASS<br \/>\n<a href=\"https:\/\/www.mapmarrakech.ma\/fr\/634-cas-plus-de-5-millions-de-personnes-ont-recu-trois-doses\/\">Cliquez ici pour lire l&rsquo;article depuis sa source.<\/a><\/p>\n","protected":false},"excerpt":{"rendered":"<p>Dans son bulletin quotidien sur la situation \u00e9pid\u00e9miologique, le minist\u00e8re a en outre pr\u00e9cis\u00e9 que le nombre de primo-vaccin\u00e9s a atteint 24.702.344, celui des personnes ayant re\u00e7u deux doses s\u2019\u00e9l\u00e8ve \u00e0 23.137.116, alors que 5.089.940 personnes ont eu trois injections du vaccin. Le nouveau bilan d\u2019infections porte \u00e0 1.155.165 le nombre total des contaminations depuis [&hellip;]<\/p>\n","protected":false},"author":1788,"featured_media":0,"comment_status":"closed","ping_status":"closed","sticky":false,"template":"","format":"standard","meta":{"fifu_image_url":"https:\/\/www.mapmarrakech.ma\/map\/uploads\/2022\/02\/cov-fr-4.jpg","fifu_image_alt":"634 cas, plus de 5 millions de personnes ont re\u00e7u trois doses","footnotes":""},"categories":[54,76],"tags":[],"class_list":["post-140739","post","type-post","status-publish","format-standard","hentry","category-maroc","category-regions"],"_links":{"self":[{"href":"https:\/\/linitiative.ca\/International\/wp-json\/wp\/v2\/posts\/140739","targetHints":{"allow":["GET"]}}],"collection":[{"href":"https:\/\/linitiative.ca\/International\/wp-json\/wp\/v2\/posts"}],"about":[{"href":"https:\/\/linitiative.ca\/International\/wp-json\/wp\/v2\/types\/post"}],"author":[{"embeddable":true,"href":"https:\/\/linitiative.ca\/International\/wp-json\/wp\/v2\/users\/1788"}],"replies":[{"embeddable":true,"href":"https:\/\/linitiative.ca\/International\/wp-json\/wp\/v2\/comments?post=140739"}],"version-history":[{"count":0,"href":"https:\/\/linitiative.ca\/International\/wp-json\/wp\/v2\/posts\/140739\/revisions"}],"wp:attachment":[{"href":"https:\/\/linitiative.ca\/International\/wp-json\/wp\/v2\/media?parent=140739"}],"wp:term":[{"taxonomy":"category","embeddable":true,"href":"https:\/\/linitiative.ca\/International\/wp-json\/wp\/v2\/categories?post=140739"},{"taxonomy":"post_tag","embeddable":true,"href":"https:\/\/linitiative.ca\/International\/wp-json\/wp\/v2\/tags?post=140739"}],"curies":[{"name":"wp","href":"https:\/\/api.w.org\/{rel}","templated":true}]}}