{"id":140741,"date":"2022-02-13T13:07:27","date_gmt":"2022-02-13T18:07:27","guid":{"rendered":"https:\/\/linitiative.ca\/International\/la-maison-de-la-poesie-abrite-une-soiree-poetique-maroco-soudanaise\/"},"modified":"2022-02-13T13:07:27","modified_gmt":"2022-02-13T18:07:27","slug":"la-maison-de-la-poesie-abrite-une-soiree-poetique-maroco-soudanaise","status":"publish","type":"post","link":"https:\/\/linitiative.ca\/International\/la-maison-de-la-poesie-abrite-une-soiree-poetique-maroco-soudanaise\/","title":{"rendered":"La Maison de la Po\u00e9sie abrite une soir\u00e9e po\u00e9tique maroco-soudanaise"},"content":{"rendered":"<div>\n<div style=\"margin-bottom:20px;\"><img loading=\"lazy\" decoding=\"async\" width=\"750\" height=\"430\" src=\"https:\/\/linitiative.ca\/International\/wp-content\/uploads\/sites\/23\/2022\/02\/video-7.jpg\" class=\"attachment-post-thumbnail size-post-thumbnail wp-post-image\" alt=\"\" srcset=\"https:\/\/linitiative.ca\/International\/wp-content\/uploads\/sites\/23\/2022\/02\/video-7.jpg 750w, https:\/\/www.mapmarrakech.ma\/map\/uploads\/2022\/02\/video-7-300x172.jpg 300w\" sizes=\"auto, (max-width: 750px) 100vw, 750px\"><\/div>\n<p>The post <a rel=\"nofollow\" href=\"https:\/\/www.mapmarrakech.ma\/fr\/la-maison-de-la-poesie-abrite-une-soiree-poetique-maroco-soudanaise-2\/\">La Maison de la Po\u00e9sie abrite une soir\u00e9e po\u00e9tique maroco-soudanaise<\/a> appeared first on <a rel=\"nofollow\" href=\"https:\/\/www.mapmarrakech.ma\/fr\">MapMarrakech<\/a>.<\/p>\n<\/div>\n<p>Auteur: Meriem IGASS<br \/>\n<a href=\"https:\/\/www.mapmarrakech.ma\/fr\/la-maison-de-la-poesie-abrite-une-soiree-poetique-maroco-soudanaise-2\/\">Cliquez ici pour lire l&rsquo;article depuis sa source.<\/a><\/p>\n","protected":false},"excerpt":{"rendered":"<p>The post La Maison de la Po\u00e9sie abrite une soir\u00e9e po\u00e9tique maroco-soudanaise appeared first on MapMarrakech. Auteur: Meriem IGASS Cliquez ici pour lire l&rsquo;article depuis sa source.<\/p>\n","protected":false},"author":1788,"featured_media":0,"comment_status":"closed","ping_status":"closed","sticky":false,"template":"","format":"standard","meta":{"fifu_image_url":"https:\/\/www.mapmarrakech.ma\/map\/uploads\/2022\/02\/video-7.jpg","fifu_image_alt":"La Maison de la Po\u00e9sie abrite une soir\u00e9e po\u00e9tique maroco-soudanaise","footnotes":""},"categories":[54,76],"tags":[],"class_list":["post-140741","post","type-post","status-publish","format-standard","hentry","category-maroc","category-regions"],"_links":{"self":[{"href":"https:\/\/linitiative.ca\/International\/wp-json\/wp\/v2\/posts\/140741","targetHints":{"allow":["GET"]}}],"collection":[{"href":"https:\/\/linitiative.ca\/International\/wp-json\/wp\/v2\/posts"}],"about":[{"href":"https:\/\/linitiative.ca\/International\/wp-json\/wp\/v2\/types\/post"}],"author":[{"embeddable":true,"href":"https:\/\/linitiative.ca\/International\/wp-json\/wp\/v2\/users\/1788"}],"replies":[{"embeddable":true,"href":"https:\/\/linitiative.ca\/International\/wp-json\/wp\/v2\/comments?post=140741"}],"version-history":[{"count":0,"href":"https:\/\/linitiative.ca\/International\/wp-json\/wp\/v2\/posts\/140741\/revisions"}],"wp:attachment":[{"href":"https:\/\/linitiative.ca\/International\/wp-json\/wp\/v2\/media?parent=140741"}],"wp:term":[{"taxonomy":"category","embeddable":true,"href":"https:\/\/linitiative.ca\/International\/wp-json\/wp\/v2\/categories?post=140741"},{"taxonomy":"post_tag","embeddable":true,"href":"https:\/\/linitiative.ca\/International\/wp-json\/wp\/v2\/tags?post=140741"}],"curies":[{"name":"wp","href":"https:\/\/api.w.org\/{rel}","templated":true}]}}