{"id":140744,"date":"2022-02-13T06:54:07","date_gmt":"2022-02-13T11:54:07","guid":{"rendered":"https:\/\/linitiative.ca\/International\/melilia-nouvel-assaut-a-la-frontiere\/"},"modified":"2022-02-13T06:54:07","modified_gmt":"2022-02-13T11:54:07","slug":"melilia-nouvel-assaut-a-la-frontiere","status":"publish","type":"post","link":"https:\/\/linitiative.ca\/International\/melilia-nouvel-assaut-a-la-frontiere\/","title":{"rendered":"Melilia: Nouvel assaut \u00e0 la fronti\u00e8re"},"content":{"rendered":"<div>\n<div class=\"field field-name-body field-type-text-with-summary field-label-hidden\">\n<div class=\"field-items\">\n<div class=\"field-item even\" property=\"content:encoded\">\n<p class=\"rtejustify\">Une centaine de personnes d&rsquo;origine maghr\u00e9bine ont tent\u00e9 de franchir, ce dimanche, la barri\u00e8re frontali\u00e8re de Melilla, lors d\u2019un assaut survenu au niveau de \u00ab Chinatown \u00bb. Ce nouvel assaut a \u00e9t\u00e9 d\u00e9jou\u00e9 par les forces espagnoles appuy\u00e9es par le Maroc, mais sept migrants ont r\u00e9ussi \u00e0 entrer dans la ville. L\u2019assaut s\u2019est produit vers l\u2019aube et a s\u2019est sold\u00e9 par deux bless\u00e9s dans les rangs de la Guardia Civil.<\/p>\n<\/div>\n<\/div>\n<\/div>\n<\/div>\n<p>Auteur: hgueye<br \/>\n<a href=\"https:\/\/www.leconomiste.com\/flash-infos\/melilia-nouvel-assaut-la-frontiere\">Cliquez ici pour lire l&rsquo;article depuis sa source.<\/a><\/p>\n","protected":false},"excerpt":{"rendered":"<p>Une centaine de personnes d&rsquo;origine maghr\u00e9bine ont tent\u00e9 de franchir, ce dimanche, la barri\u00e8re frontali\u00e8re de Melilla, lors d\u2019un assaut survenu au niveau de \u00ab Chinatown \u00bb. Ce nouvel assaut a \u00e9t\u00e9 d\u00e9jou\u00e9 par les forces espagnoles appuy\u00e9es par le Maroc, mais sept migrants ont r\u00e9ussi \u00e0 entrer dans la ville. L\u2019assaut s\u2019est produit vers [&hellip;]<\/p>\n","protected":false},"author":1763,"featured_media":0,"comment_status":"closed","ping_status":"closed","sticky":false,"template":"","format":"standard","meta":{"fifu_image_url":"","fifu_image_alt":"","footnotes":""},"categories":[78,54],"tags":[],"class_list":["post-140744","post","type-post","status-publish","format-standard","hentry","category-economie","category-maroc"],"_links":{"self":[{"href":"https:\/\/linitiative.ca\/International\/wp-json\/wp\/v2\/posts\/140744","targetHints":{"allow":["GET"]}}],"collection":[{"href":"https:\/\/linitiative.ca\/International\/wp-json\/wp\/v2\/posts"}],"about":[{"href":"https:\/\/linitiative.ca\/International\/wp-json\/wp\/v2\/types\/post"}],"author":[{"embeddable":true,"href":"https:\/\/linitiative.ca\/International\/wp-json\/wp\/v2\/users\/1763"}],"replies":[{"embeddable":true,"href":"https:\/\/linitiative.ca\/International\/wp-json\/wp\/v2\/comments?post=140744"}],"version-history":[{"count":0,"href":"https:\/\/linitiative.ca\/International\/wp-json\/wp\/v2\/posts\/140744\/revisions"}],"wp:attachment":[{"href":"https:\/\/linitiative.ca\/International\/wp-json\/wp\/v2\/media?parent=140744"}],"wp:term":[{"taxonomy":"category","embeddable":true,"href":"https:\/\/linitiative.ca\/International\/wp-json\/wp\/v2\/categories?post=140744"},{"taxonomy":"post_tag","embeddable":true,"href":"https:\/\/linitiative.ca\/International\/wp-json\/wp\/v2\/tags?post=140744"}],"curies":[{"name":"wp","href":"https:\/\/api.w.org\/{rel}","templated":true}]}}