{"id":140750,"date":"2022-02-13T11:29:00","date_gmt":"2022-02-13T16:29:00","guid":{"rendered":"https:\/\/linitiative.ca\/International\/ouattara-la-nouvelle-recrue-kabyle\/"},"modified":"2022-02-13T11:29:00","modified_gmt":"2022-02-13T16:29:00","slug":"ouattara-la-nouvelle-recrue-kabyle","status":"publish","type":"post","link":"https:\/\/linitiative.ca\/International\/ouattara-la-nouvelle-recrue-kabyle\/","title":{"rendered":"Ouattara la nouvelle recrue kabyle !"},"content":{"rendered":"<div>Ce jeune buteur de 23  est la troisi\u00e8me recrue hivernale des Kabyles qui ont d\u00e9j\u00e0 engag\u00e9  Salim Boukhenchouche, de retour au club et  l\u2019attaquant franco-alg\u00e9rien, Hakim Ben El Mokeddem.<\/div>\n<p>Auteur:<br \/>\n<a href=\"https:\/\/www.lebuteur.com\/article\/detail?titre=ouattara-la-nouvelle-recrue-kabyle&#038;id=102292\">Cliquez ici pour lire l&rsquo;article depuis sa source.<\/a><\/p>\n","protected":false},"excerpt":{"rendered":"<p>Ce jeune buteur de 23 est la troisi\u00e8me recrue hivernale des Kabyles qui ont d\u00e9j\u00e0 engag\u00e9 Salim Boukhenchouche, de retour au club et l\u2019attaquant franco-alg\u00e9rien, Hakim Ben El Mokeddem. Auteur: Cliquez ici pour lire l&rsquo;article depuis sa source.<\/p>\n","protected":false},"author":1738,"featured_media":0,"comment_status":"closed","ping_status":"closed","sticky":false,"template":"","format":"standard","meta":{"fifu_image_url":"","fifu_image_alt":"","footnotes":""},"categories":[53,75],"tags":[],"class_list":["post-140750","post","type-post","status-publish","format-standard","hentry","category-algerie","category-sport"],"_links":{"self":[{"href":"https:\/\/linitiative.ca\/International\/wp-json\/wp\/v2\/posts\/140750","targetHints":{"allow":["GET"]}}],"collection":[{"href":"https:\/\/linitiative.ca\/International\/wp-json\/wp\/v2\/posts"}],"about":[{"href":"https:\/\/linitiative.ca\/International\/wp-json\/wp\/v2\/types\/post"}],"author":[{"embeddable":true,"href":"https:\/\/linitiative.ca\/International\/wp-json\/wp\/v2\/users\/1738"}],"replies":[{"embeddable":true,"href":"https:\/\/linitiative.ca\/International\/wp-json\/wp\/v2\/comments?post=140750"}],"version-history":[{"count":0,"href":"https:\/\/linitiative.ca\/International\/wp-json\/wp\/v2\/posts\/140750\/revisions"}],"wp:attachment":[{"href":"https:\/\/linitiative.ca\/International\/wp-json\/wp\/v2\/media?parent=140750"}],"wp:term":[{"taxonomy":"category","embeddable":true,"href":"https:\/\/linitiative.ca\/International\/wp-json\/wp\/v2\/categories?post=140750"},{"taxonomy":"post_tag","embeddable":true,"href":"https:\/\/linitiative.ca\/International\/wp-json\/wp\/v2\/tags?post=140750"}],"curies":[{"name":"wp","href":"https:\/\/api.w.org\/{rel}","templated":true}]}}