{"id":140754,"date":"2022-02-13T03:30:00","date_gmt":"2022-02-13T08:30:00","guid":{"rendered":"https:\/\/linitiative.ca\/International\/amnesty-international-met-a-nu-lapartheid-israelien-a-lencontre-des-palestiniens\/"},"modified":"2022-02-13T03:30:00","modified_gmt":"2022-02-13T08:30:00","slug":"amnesty-international-met-a-nu-lapartheid-israelien-a-lencontre-des-palestiniens","status":"publish","type":"post","link":"https:\/\/linitiative.ca\/International\/amnesty-international-met-a-nu-lapartheid-israelien-a-lencontre-des-palestiniens\/","title":{"rendered":"Amnesty international met a nu l\u2019apartheid isra\u00e9lien a l\u2019encontre des palestiniens"},"content":{"rendered":"<div><img decoding=\"async\" src=\"https:\/\/linitiative.ca\/International\/wp-content\/uploads\/sites\/23\/2022\/02\/1644672213_article.jpg\" alt=\"Amnesty international met a nu l\u2019apartheid isra\u00e9lien a l\u2019encontre des palestiniens\" align=\"left\">Mohamed Larbi Bouguerra &#8211; Voil\u00e0 un rapport qu\u2019AI a mis quatre ans \u00e0 documenter et pourtant, les m\u00e9dias occidentaux n\u2019en ont parl\u00e9 que tr\u00e8s parcimonieusement. Imaginez de telles horreurs dans un pays du Sud ; la presse et les m\u00e9dias n\u2019auraient pas eu assez de mots durs pour vilipender ces \u00ab comportements barbares \u00bb mais Isra\u00ebl b\u00e9n\u00e9ficie de fortes protections en Occident quels que soient ses crimes.<br \/>\nIl est vrai que l\u2019Allemagne par exemple ne fait pas que bannir et m\u00eame de criminaliser tout ce qui porte atteinte \u00e0 Isra\u00ebl.\u00a0 Comme le prouve le cas de l\u2019\u00e9crivain palestinien Khal\u00e8d Barakat interdit d\u2019entrer pour quatre ans, elle \u00e9crase sur son territoire toute &#8230;<\/p>\n<\/div>\n<p>Auteur:<br \/>\n<a href=\"https:\/\/www.leaders.com.tn\/article\/32961-amnesty-international-met-a-nu-l-apartheid-israelien-a-l-encontre-des-palestiniens\">Cliquez ici pour lire l&rsquo;article depuis sa source.<\/a><\/p>\n","protected":false},"excerpt":{"rendered":"<p>Mohamed Larbi Bouguerra &#8211; Voil\u00e0 un rapport qu\u2019AI a mis quatre ans \u00e0 documenter et pourtant, les m\u00e9dias occidentaux n\u2019en ont parl\u00e9 que tr\u00e8s parcimonieusement. Imaginez de telles horreurs dans un pays du Sud ; la presse et les m\u00e9dias n\u2019auraient pas eu assez de mots durs pour vilipender ces \u00ab comportements barbares \u00bb mais [&hellip;]<\/p>\n","protected":false},"author":1772,"featured_media":0,"comment_status":"closed","ping_status":"closed","sticky":false,"template":"","format":"standard","meta":{"fifu_image_url":"http:\/\/www.leaders.com.tn\/uploads\/content\/thumbnails_small\/1644672213_article.jpg","fifu_image_alt":"Amnesty international met a nu l\u2019apartheid isra\u00e9lien a l\u2019encontre des palestiniens","footnotes":""},"categories":[73,55],"tags":[],"class_list":["post-140754","post","type-post","status-publish","format-standard","hentry","category-actualite","category-tunisie"],"_links":{"self":[{"href":"https:\/\/linitiative.ca\/International\/wp-json\/wp\/v2\/posts\/140754","targetHints":{"allow":["GET"]}}],"collection":[{"href":"https:\/\/linitiative.ca\/International\/wp-json\/wp\/v2\/posts"}],"about":[{"href":"https:\/\/linitiative.ca\/International\/wp-json\/wp\/v2\/types\/post"}],"author":[{"embeddable":true,"href":"https:\/\/linitiative.ca\/International\/wp-json\/wp\/v2\/users\/1772"}],"replies":[{"embeddable":true,"href":"https:\/\/linitiative.ca\/International\/wp-json\/wp\/v2\/comments?post=140754"}],"version-history":[{"count":0,"href":"https:\/\/linitiative.ca\/International\/wp-json\/wp\/v2\/posts\/140754\/revisions"}],"wp:attachment":[{"href":"https:\/\/linitiative.ca\/International\/wp-json\/wp\/v2\/media?parent=140754"}],"wp:term":[{"taxonomy":"category","embeddable":true,"href":"https:\/\/linitiative.ca\/International\/wp-json\/wp\/v2\/categories?post=140754"},{"taxonomy":"post_tag","embeddable":true,"href":"https:\/\/linitiative.ca\/International\/wp-json\/wp\/v2\/tags?post=140754"}],"curies":[{"name":"wp","href":"https:\/\/api.w.org\/{rel}","templated":true}]}}