{"id":140756,"date":"2022-02-13T04:30:00","date_gmt":"2022-02-13T09:30:00","guid":{"rendered":"https:\/\/linitiative.ca\/International\/officiel-le-texte-integral-du-decret-loi-2022-11-du-12-fevrier-2022-portant-creation-du-conseil-superieur-provisoire-de-la-magistrature\/"},"modified":"2022-02-13T04:30:00","modified_gmt":"2022-02-13T09:30:00","slug":"officiel-le-texte-integral-du-decret-loi-2022-11-du-12-fevrier-2022-portant-creation-du-conseil-superieur-provisoire-de-la-magistrature","status":"publish","type":"post","link":"https:\/\/linitiative.ca\/International\/officiel-le-texte-integral-du-decret-loi-2022-11-du-12-fevrier-2022-portant-creation-du-conseil-superieur-provisoire-de-la-magistrature\/","title":{"rendered":"Officiel : Le texte int\u00e9gral du d\u00e9cret-loi 2022 \u2013 11 du 12 f\u00e9vrier 2022 portant cr\u00e9ation du Conseil sup\u00e9rieur provisoire de la Magistrature"},"content":{"rendered":"<div><img decoding=\"async\" src=\"https:\/\/linitiative.ca\/International\/wp-content\/uploads\/sites\/23\/2022\/02\/1644587828_article.jpg\" alt=\"Conseil Superieur des Magistrats\" align=\"left\">Promulgu\u00e9 par le chef de l\u2019Etat, le d\u00e9cret-loi 2022 \u2013 11 du 12 f\u00e9vrier 2022 portant cr\u00e9ation du Conseil sup\u00e9rieur provisoire de la Magistrature a \u00e9t\u00e9 publi\u00e9, le jour-m\u00eame, au Journal Officiel. Dot\u00e9 de l\u2019ind\u00e9pendance fonctionnelle, administrative et financi\u00e8re, il prend place du Conseil sup\u00e9rieur de la Magistrature stipul\u00e9 par la loi organique 2016-34 en date du 28 avril 2016.<br \/>\nS\u2019il reprend la m\u00eame la m\u00eame architecture de l\u2019ancien conseil, avec trois conseils sp\u00e9cialis\u00e9s (justice judiciaire, justice administrative et justice financi\u00e8re), il ne compte dans sa composition que de hauts magistrats es-qualit\u00e9 ainsi que trois magistrats retrait\u00e9s qui seront nomm\u00e9s &#8230;<\/p>\n<\/div>\n<p>Auteur:<br \/>\n<a href=\"https:\/\/www.leaders.com.tn\/article\/32955-conseil-superieur-des-magistrats\">Cliquez ici pour lire l&rsquo;article depuis sa source.<\/a><\/p>\n","protected":false},"excerpt":{"rendered":"<p>Promulgu\u00e9 par le chef de l\u2019Etat, le d\u00e9cret-loi 2022 \u2013 11 du 12 f\u00e9vrier 2022 portant cr\u00e9ation du Conseil sup\u00e9rieur provisoire de la Magistrature a \u00e9t\u00e9 publi\u00e9, le jour-m\u00eame, au Journal Officiel. Dot\u00e9 de l\u2019ind\u00e9pendance fonctionnelle, administrative et financi\u00e8re, il prend place du Conseil sup\u00e9rieur de la Magistrature stipul\u00e9 par la loi organique 2016-34 en [&hellip;]<\/p>\n","protected":false},"author":1772,"featured_media":0,"comment_status":"closed","ping_status":"closed","sticky":false,"template":"","format":"standard","meta":{"fifu_image_url":"http:\/\/www.leaders.com.tn\/uploads\/content\/thumbnails_small\/1644587828_article.jpg","fifu_image_alt":"Officiel : Le texte int\u00e9gral du d\u00e9cret-loi 2022 \u2013 11 du 12 f\u00e9vrier 2022 portant cr\u00e9ation du Conseil sup\u00e9rieur provisoire de la Magistrature","footnotes":""},"categories":[73,55],"tags":[],"class_list":["post-140756","post","type-post","status-publish","format-standard","hentry","category-actualite","category-tunisie"],"_links":{"self":[{"href":"https:\/\/linitiative.ca\/International\/wp-json\/wp\/v2\/posts\/140756","targetHints":{"allow":["GET"]}}],"collection":[{"href":"https:\/\/linitiative.ca\/International\/wp-json\/wp\/v2\/posts"}],"about":[{"href":"https:\/\/linitiative.ca\/International\/wp-json\/wp\/v2\/types\/post"}],"author":[{"embeddable":true,"href":"https:\/\/linitiative.ca\/International\/wp-json\/wp\/v2\/users\/1772"}],"replies":[{"embeddable":true,"href":"https:\/\/linitiative.ca\/International\/wp-json\/wp\/v2\/comments?post=140756"}],"version-history":[{"count":0,"href":"https:\/\/linitiative.ca\/International\/wp-json\/wp\/v2\/posts\/140756\/revisions"}],"wp:attachment":[{"href":"https:\/\/linitiative.ca\/International\/wp-json\/wp\/v2\/media?parent=140756"}],"wp:term":[{"taxonomy":"category","embeddable":true,"href":"https:\/\/linitiative.ca\/International\/wp-json\/wp\/v2\/categories?post=140756"},{"taxonomy":"post_tag","embeddable":true,"href":"https:\/\/linitiative.ca\/International\/wp-json\/wp\/v2\/tags?post=140756"}],"curies":[{"name":"wp","href":"https:\/\/api.w.org\/{rel}","templated":true}]}}