{"id":140763,"date":"2022-02-13T07:49:20","date_gmt":"2022-02-13T12:49:20","guid":{"rendered":"https:\/\/linitiative.ca\/International\/france-les-reservations-vers-le-maroc-redemarrent-en-trombe\/"},"modified":"2022-02-13T07:49:20","modified_gmt":"2022-02-13T12:49:20","slug":"france-les-reservations-vers-le-maroc-redemarrent-en-trombe","status":"publish","type":"post","link":"https:\/\/linitiative.ca\/International\/france-les-reservations-vers-le-maroc-redemarrent-en-trombe\/","title":{"rendered":"France. Les r\u00e9servations vers le Maroc red\u00e9marrent en trombe !"},"content":{"rendered":"<div><img decoding=\"async\" width=\"712\" height=\"399\" src=\"https:\/\/linitiative.ca\/International\/wp-content\/uploads\/sites\/23\/2022\/02\/MARRAKECH.jpg\" class=\"attachment-post-thumbnail size-post-thumbnail wp-post-image\" alt=\"\" loading=\"lazy\" srcset=\"https:\/\/linitiative.ca\/International\/wp-content\/uploads\/sites\/23\/2022\/02\/MARRAKECH.jpg 712w, https:\/\/www.challenge.ma\/wp-content\/uploads\/2022\/02\/MARRAKECH-300x168.jpg 300w, https:\/\/www.challenge.ma\/wp-content\/uploads\/2022\/02\/MARRAKECH-360x202.jpg 360w\" sizes=\"auto, (max-width: 712px) 100vw, 712px\" itemprop=\"image\">Avec la r\u00e9ouverture des fronti\u00e8res marocaines, le 7 f\u00e9vrier dernier, le tourisme marocain est parti pour retrouver des couleurs. Sur la France, principal march\u00e9 \u00e9metteur de touristes vers le Maroc, le Royaume cartonne, du moins en croire Transavia, la compagnie low-cost d\u2019Air France. Comme aiment le rappeler les professionnels du<\/div>\n<p>Auteur: challenge<br \/>\n<a href=\"https:\/\/www.challenge.ma\/france-les-reservations-vers-le-maroc-redemarrent-en-trombe-232546\/\">Cliquez ici pour lire l&rsquo;article depuis sa source.<\/a><\/p>\n","protected":false},"excerpt":{"rendered":"<p>Avec la r\u00e9ouverture des fronti\u00e8res marocaines, le 7 f\u00e9vrier dernier, le tourisme marocain est parti pour retrouver des couleurs. Sur la France, principal march\u00e9 \u00e9metteur de touristes vers le Maroc, le Royaume cartonne, du moins en croire Transavia, la compagnie low-cost d\u2019Air France. Comme aiment le rappeler les professionnels du Auteur: challenge Cliquez ici pour [&hellip;]<\/p>\n","protected":false},"author":1787,"featured_media":0,"comment_status":"closed","ping_status":"closed","sticky":false,"template":"","format":"standard","meta":{"fifu_image_url":"https:\/\/www.challenge.ma\/wp-content\/uploads\/2022\/02\/MARRAKECH.jpg","fifu_image_alt":"France. Les r\u00e9servations vers le Maroc red\u00e9marrent en trombe !","footnotes":""},"categories":[78,54],"tags":[],"class_list":["post-140763","post","type-post","status-publish","format-standard","hentry","category-economie","category-maroc"],"_links":{"self":[{"href":"https:\/\/linitiative.ca\/International\/wp-json\/wp\/v2\/posts\/140763","targetHints":{"allow":["GET"]}}],"collection":[{"href":"https:\/\/linitiative.ca\/International\/wp-json\/wp\/v2\/posts"}],"about":[{"href":"https:\/\/linitiative.ca\/International\/wp-json\/wp\/v2\/types\/post"}],"author":[{"embeddable":true,"href":"https:\/\/linitiative.ca\/International\/wp-json\/wp\/v2\/users\/1787"}],"replies":[{"embeddable":true,"href":"https:\/\/linitiative.ca\/International\/wp-json\/wp\/v2\/comments?post=140763"}],"version-history":[{"count":0,"href":"https:\/\/linitiative.ca\/International\/wp-json\/wp\/v2\/posts\/140763\/revisions"}],"wp:attachment":[{"href":"https:\/\/linitiative.ca\/International\/wp-json\/wp\/v2\/media?parent=140763"}],"wp:term":[{"taxonomy":"category","embeddable":true,"href":"https:\/\/linitiative.ca\/International\/wp-json\/wp\/v2\/categories?post=140763"},{"taxonomy":"post_tag","embeddable":true,"href":"https:\/\/linitiative.ca\/International\/wp-json\/wp\/v2\/tags?post=140763"}],"curies":[{"name":"wp","href":"https:\/\/api.w.org\/{rel}","templated":true}]}}