{"id":140765,"date":"2022-02-13T08:47:34","date_gmt":"2022-02-13T13:47:34","guid":{"rendered":"https:\/\/linitiative.ca\/International\/coupe-du-monde-de-football-un-pays-africain-est-il-proche-de-remporter-le-trophee-la-reponse-luniversite-americaine-dharvard\/"},"modified":"2022-02-13T08:47:34","modified_gmt":"2022-02-13T13:47:34","slug":"coupe-du-monde-de-football-un-pays-africain-est-il-proche-de-remporter-le-trophee-la-reponse-luniversite-americaine-dharvard","status":"publish","type":"post","link":"https:\/\/linitiative.ca\/International\/coupe-du-monde-de-football-un-pays-africain-est-il-proche-de-remporter-le-trophee-la-reponse-luniversite-americaine-dharvard\/","title":{"rendered":"Coupe du monde de football. Un pays africain est-il proche de remporter le troph\u00e9e ? La r\u00e9ponse l\u2019universit\u00e9 am\u00e9ricaine d\u2019Harvard"},"content":{"rendered":"<div><img decoding=\"async\" width=\"640\" height=\"410\" src=\"https:\/\/linitiative.ca\/International\/wp-content\/uploads\/sites\/23\/2022\/02\/FOOT.jpg\" class=\"attachment-post-thumbnail size-post-thumbnail wp-post-image\" alt=\"\" loading=\"lazy\" srcset=\"https:\/\/linitiative.ca\/International\/wp-content\/uploads\/sites\/23\/2022\/02\/FOOT.jpg 640w, https:\/\/www.challenge.ma\/wp-content\/uploads\/2022\/02\/FOOT-300x192.jpg 300w, https:\/\/www.challenge.ma\/wp-content\/uploads\/2022\/02\/FOOT-360x231.jpg 360w\" sizes=\"auto, (max-width: 640px) 100vw, 640px\" itemprop=\"image\">Apr\u00e8s la CAN au Cameroun, une nouvelle \u00e9ch\u00e9ance va se profiler pour dix nations africaines. Les barrages (24-25 mars et 28-29 mars) pour la Coupe du monde pr\u00e9vue au Qatar ne r\u00e9servent que cinq fauteuils \u00e0 la zone Afrique \u00e0 travers cinq affiches chocs : RD Congo-Maroc, \u00c9gypte-S\u00e9n\u00e9gal, Cameroun-Alg\u00e9rie, Mali-Tunisie\u00a0et<\/div>\n<p>Auteur: challenge<br \/>\n<a href=\"https:\/\/www.challenge.ma\/coupe-du-monde-de-football-un-pays-africain-est-il-proche-de-remporter-le-trophee-la-reponse-luniversite-americaine-dharvard-232550\/\">Cliquez ici pour lire l&rsquo;article depuis sa source.<\/a><\/p>\n","protected":false},"excerpt":{"rendered":"<p>Apr\u00e8s la CAN au Cameroun, une nouvelle \u00e9ch\u00e9ance va se profiler pour dix nations africaines. Les barrages (24-25 mars et 28-29 mars) pour la Coupe du monde pr\u00e9vue au Qatar ne r\u00e9servent que cinq fauteuils \u00e0 la zone Afrique \u00e0 travers cinq affiches chocs : RD Congo-Maroc, \u00c9gypte-S\u00e9n\u00e9gal, Cameroun-Alg\u00e9rie, Mali-Tunisie\u00a0et Auteur: challenge Cliquez ici pour [&hellip;]<\/p>\n","protected":false},"author":1787,"featured_media":0,"comment_status":"closed","ping_status":"closed","sticky":false,"template":"","format":"standard","meta":{"fifu_image_url":"https:\/\/www.challenge.ma\/wp-content\/uploads\/2022\/02\/FOOT.jpg","fifu_image_alt":"Coupe du monde de football. Un pays africain est-il proche de remporter le troph\u00e9e ? La r\u00e9ponse l\u2019universit\u00e9 am\u00e9ricaine d\u2019Harvard","footnotes":""},"categories":[78,54],"tags":[],"class_list":["post-140765","post","type-post","status-publish","format-standard","hentry","category-economie","category-maroc"],"_links":{"self":[{"href":"https:\/\/linitiative.ca\/International\/wp-json\/wp\/v2\/posts\/140765","targetHints":{"allow":["GET"]}}],"collection":[{"href":"https:\/\/linitiative.ca\/International\/wp-json\/wp\/v2\/posts"}],"about":[{"href":"https:\/\/linitiative.ca\/International\/wp-json\/wp\/v2\/types\/post"}],"author":[{"embeddable":true,"href":"https:\/\/linitiative.ca\/International\/wp-json\/wp\/v2\/users\/1787"}],"replies":[{"embeddable":true,"href":"https:\/\/linitiative.ca\/International\/wp-json\/wp\/v2\/comments?post=140765"}],"version-history":[{"count":0,"href":"https:\/\/linitiative.ca\/International\/wp-json\/wp\/v2\/posts\/140765\/revisions"}],"wp:attachment":[{"href":"https:\/\/linitiative.ca\/International\/wp-json\/wp\/v2\/media?parent=140765"}],"wp:term":[{"taxonomy":"category","embeddable":true,"href":"https:\/\/linitiative.ca\/International\/wp-json\/wp\/v2\/categories?post=140765"},{"taxonomy":"post_tag","embeddable":true,"href":"https:\/\/linitiative.ca\/International\/wp-json\/wp\/v2\/tags?post=140765"}],"curies":[{"name":"wp","href":"https:\/\/api.w.org\/{rel}","templated":true}]}}