{"id":140767,"date":"2022-02-13T15:39:40","date_gmt":"2022-02-13T20:39:40","guid":{"rendered":"https:\/\/linitiative.ca\/International\/tunisie-la-presidence-de-larp-annonce-une-prochaine-visite-dune-delegation-du-parlement-europeen\/"},"modified":"2022-02-13T15:39:40","modified_gmt":"2022-02-13T20:39:40","slug":"tunisie-la-presidence-de-larp-annonce-une-prochaine-visite-dune-delegation-du-parlement-europeen","status":"publish","type":"post","link":"https:\/\/linitiative.ca\/International\/tunisie-la-presidence-de-larp-annonce-une-prochaine-visite-dune-delegation-du-parlement-europeen\/","title":{"rendered":"Tunisie \u2013 La pr\u00e9sidence de l\u2019ARP annonce une prochaine visite d\u2019une d\u00e9l\u00e9gation du parlement europ\u00e9en"},"content":{"rendered":"<div>\n<p>La pr\u00e9sidence de l\u2019ARP gel\u00e9 a annonc\u00e9, ce dimanche, par la voix de son porte parole, Maher Medhioub, qu\u2019une d\u00e9l\u00e9gation du parlement europ\u00e9en allait venir, incessamment, en visite \u00e0 Tunis. Il est pr\u00e9vu que cette d\u00e9l\u00e9gation s\u2019entretienne, lors de cette visite, avec le pr\u00e9sident de l\u2019ARP gel\u00e9e, et certains d\u00e9put\u00e9s. La pr\u00e9sidence de l\u2019ARP s\u2019est [\u2026]<\/p>\n<p>L\u2019article <a href=\"https:\/\/www.tunisienumerique.com\/tunisie-la-presidence-de-larp-annonce-une-prochaine-visite-dune-delegation-du-parlement-europeen\/\">Tunisie \u2013 La pr\u00e9sidence de l\u2019ARP annonce une prochaine visite d\u2019une d\u00e9l\u00e9gation du parlement europ\u00e9en<\/a> est apparu en premier sur <a href=\"http:\/\/www.tunisienumerique.com\/\">Tunisie<\/a>.<\/p>\n<\/div>\n<p>Auteur: LM<br \/>\n<a href=\"https:\/\/www.tunisienumerique.com\/tunisie-la-presidence-de-larp-annonce-une-prochaine-visite-dune-delegation-du-parlement-europeen\/\">Cliquez ici pour lire l&rsquo;article depuis sa source.<\/a><\/p>\n","protected":false},"excerpt":{"rendered":"<p>La pr\u00e9sidence de l\u2019ARP gel\u00e9 a annonc\u00e9, ce dimanche, par la voix de son porte parole, Maher Medhioub, qu\u2019une d\u00e9l\u00e9gation du parlement europ\u00e9en allait venir, incessamment, en visite \u00e0 Tunis. Il est pr\u00e9vu que cette d\u00e9l\u00e9gation s\u2019entretienne, lors de cette visite, avec le pr\u00e9sident de l\u2019ARP gel\u00e9e, et certains d\u00e9put\u00e9s. La pr\u00e9sidence de l\u2019ARP s\u2019est [&hellip;]<\/p>\n","protected":false},"author":1789,"featured_media":0,"comment_status":"closed","ping_status":"closed","sticky":false,"template":"","format":"standard","meta":{"fifu_image_url":"","fifu_image_alt":"","footnotes":""},"categories":[73,55],"tags":[],"class_list":["post-140767","post","type-post","status-publish","format-standard","hentry","category-actualite","category-tunisie"],"_links":{"self":[{"href":"https:\/\/linitiative.ca\/International\/wp-json\/wp\/v2\/posts\/140767","targetHints":{"allow":["GET"]}}],"collection":[{"href":"https:\/\/linitiative.ca\/International\/wp-json\/wp\/v2\/posts"}],"about":[{"href":"https:\/\/linitiative.ca\/International\/wp-json\/wp\/v2\/types\/post"}],"author":[{"embeddable":true,"href":"https:\/\/linitiative.ca\/International\/wp-json\/wp\/v2\/users\/1789"}],"replies":[{"embeddable":true,"href":"https:\/\/linitiative.ca\/International\/wp-json\/wp\/v2\/comments?post=140767"}],"version-history":[{"count":0,"href":"https:\/\/linitiative.ca\/International\/wp-json\/wp\/v2\/posts\/140767\/revisions"}],"wp:attachment":[{"href":"https:\/\/linitiative.ca\/International\/wp-json\/wp\/v2\/media?parent=140767"}],"wp:term":[{"taxonomy":"category","embeddable":true,"href":"https:\/\/linitiative.ca\/International\/wp-json\/wp\/v2\/categories?post=140767"},{"taxonomy":"post_tag","embeddable":true,"href":"https:\/\/linitiative.ca\/International\/wp-json\/wp\/v2\/tags?post=140767"}],"curies":[{"name":"wp","href":"https:\/\/api.w.org\/{rel}","templated":true}]}}