{"id":140768,"date":"2022-02-13T15:47:46","date_gmt":"2022-02-13T20:47:46","guid":{"rendered":"https:\/\/linitiative.ca\/International\/tunisie-un-enfant-simmole-par-le-feu-a-nabeul\/"},"modified":"2022-02-13T15:47:46","modified_gmt":"2022-02-13T20:47:46","slug":"tunisie-un-enfant-simmole-par-le-feu-a-nabeul","status":"publish","type":"post","link":"https:\/\/linitiative.ca\/International\/tunisie-un-enfant-simmole-par-le-feu-a-nabeul\/","title":{"rendered":"Tunisie \u2013 Un enfant s\u2019immole par le feu \u00e0 Nabeul"},"content":{"rendered":"<div>\n<p>Le directeur r\u00e9gional de la protection civile \u00e0 Nabeul a assur\u00e9 qu\u2019un enfant de 16 ns s\u2019est immol\u00e9, cet apr\u00e8s midi, par le feu, dans la localit\u00e9 de Sidi Achour. Il a \u00e9t\u00e9 transport\u00e9\u00a0 \u00e0 l\u2019h\u00f4pital r\u00e9gional, souffrant de br\u00fblures du deuxi\u00e8me degr\u00e9 sur la totalit\u00e9 du corps. Les raisons de ce geste n\u2019ont pas [\u2026]<\/p>\n<p>L\u2019article <a href=\"https:\/\/www.tunisienumerique.com\/tunisie-un-enfant-simmole-par-le-feu-a-nabeul\/\">Tunisie \u2013 Un enfant s\u2019immole par le feu \u00e0 Nabeul<\/a> est apparu en premier sur <a href=\"http:\/\/www.tunisienumerique.com\/\">Tunisie<\/a>.<\/p>\n<\/div>\n<p>Auteur: LM<br \/>\n<a href=\"https:\/\/www.tunisienumerique.com\/tunisie-un-enfant-simmole-par-le-feu-a-nabeul\/\">Cliquez ici pour lire l&rsquo;article depuis sa source.<\/a><\/p>\n","protected":false},"excerpt":{"rendered":"<p>Le directeur r\u00e9gional de la protection civile \u00e0 Nabeul a assur\u00e9 qu\u2019un enfant de 16 ns s\u2019est immol\u00e9, cet apr\u00e8s midi, par le feu, dans la localit\u00e9 de Sidi Achour. Il a \u00e9t\u00e9 transport\u00e9\u00a0 \u00e0 l\u2019h\u00f4pital r\u00e9gional, souffrant de br\u00fblures du deuxi\u00e8me degr\u00e9 sur la totalit\u00e9 du corps. Les raisons de ce geste n\u2019ont pas [&hellip;]<\/p>\n","protected":false},"author":1789,"featured_media":0,"comment_status":"closed","ping_status":"closed","sticky":false,"template":"","format":"standard","meta":{"fifu_image_url":"","fifu_image_alt":"","footnotes":""},"categories":[73,55],"tags":[],"class_list":["post-140768","post","type-post","status-publish","format-standard","hentry","category-actualite","category-tunisie"],"_links":{"self":[{"href":"https:\/\/linitiative.ca\/International\/wp-json\/wp\/v2\/posts\/140768","targetHints":{"allow":["GET"]}}],"collection":[{"href":"https:\/\/linitiative.ca\/International\/wp-json\/wp\/v2\/posts"}],"about":[{"href":"https:\/\/linitiative.ca\/International\/wp-json\/wp\/v2\/types\/post"}],"author":[{"embeddable":true,"href":"https:\/\/linitiative.ca\/International\/wp-json\/wp\/v2\/users\/1789"}],"replies":[{"embeddable":true,"href":"https:\/\/linitiative.ca\/International\/wp-json\/wp\/v2\/comments?post=140768"}],"version-history":[{"count":0,"href":"https:\/\/linitiative.ca\/International\/wp-json\/wp\/v2\/posts\/140768\/revisions"}],"wp:attachment":[{"href":"https:\/\/linitiative.ca\/International\/wp-json\/wp\/v2\/media?parent=140768"}],"wp:term":[{"taxonomy":"category","embeddable":true,"href":"https:\/\/linitiative.ca\/International\/wp-json\/wp\/v2\/categories?post=140768"},{"taxonomy":"post_tag","embeddable":true,"href":"https:\/\/linitiative.ca\/International\/wp-json\/wp\/v2\/tags?post=140768"}],"curies":[{"name":"wp","href":"https:\/\/api.w.org\/{rel}","templated":true}]}}