{"id":140771,"date":"2022-02-13T16:51:06","date_gmt":"2022-02-13T21:51:06","guid":{"rendered":"https:\/\/linitiative.ca\/International\/tunisie-video-exemplaires-les-forces-de-lordre-omnipresentes-sur-tous-les-fronts\/"},"modified":"2022-02-13T16:51:06","modified_gmt":"2022-02-13T21:51:06","slug":"tunisie-video-exemplaires-les-forces-de-lordre-omnipresentes-sur-tous-les-fronts","status":"publish","type":"post","link":"https:\/\/linitiative.ca\/International\/tunisie-video-exemplaires-les-forces-de-lordre-omnipresentes-sur-tous-les-fronts\/","title":{"rendered":"Tunisie \u2013 VIDEO : Exemplaires\u00a0! Les forces de l\u2019ordre omnipr\u00e9sentes sur tous les fronts"},"content":{"rendered":"<div>\n<p>Les forces de l\u2019ordre n\u2019auront pas ch\u00f4m\u00e9, ce dimanche, \u00e0 Tunis. Elles ont r\u00e9ussi \u00e0 canaliser et \u00e0 s\u00e9curiser les protestataires qui ont particip\u00e9, ce matin au sit-in contre la dissolution du CSM. Les s\u00e9curitaires ont r\u00e9ussi leur mission sans bavure, bien qu\u2019ils aient \u00e9t\u00e9 harcel\u00e9s et provoqu\u00e9s \u00e0 langueur de journ\u00e9e, notamment par les [\u2026]<\/p>\n<p>L\u2019article <a href=\"https:\/\/www.tunisienumerique.com\/tunisie-video-exemplaires-les-forces-de-lordre-omnipresentes-sur-tous-les-fronts\/\">Tunisie \u2013 VIDEO : Exemplaires\u00a0! Les forces de l\u2019ordre omnipr\u00e9sentes sur tous les fronts<\/a> est apparu en premier sur <a href=\"http:\/\/www.tunisienumerique.com\/\">Tunisie<\/a>.<\/p>\n<\/div>\n<p>Auteur: Saber .<br \/>\n<a href=\"https:\/\/www.tunisienumerique.com\/tunisie-video-exemplaires-les-forces-de-lordre-omnipresentes-sur-tous-les-fronts\/\">Cliquez ici pour lire l&rsquo;article depuis sa source.<\/a><\/p>\n","protected":false},"excerpt":{"rendered":"<p>Les forces de l\u2019ordre n\u2019auront pas ch\u00f4m\u00e9, ce dimanche, \u00e0 Tunis. Elles ont r\u00e9ussi \u00e0 canaliser et \u00e0 s\u00e9curiser les protestataires qui ont particip\u00e9, ce matin au sit-in contre la dissolution du CSM. Les s\u00e9curitaires ont r\u00e9ussi leur mission sans bavure, bien qu\u2019ils aient \u00e9t\u00e9 harcel\u00e9s et provoqu\u00e9s \u00e0 langueur de journ\u00e9e, notamment par les [&hellip;]<\/p>\n","protected":false},"author":1789,"featured_media":0,"comment_status":"closed","ping_status":"closed","sticky":false,"template":"","format":"standard","meta":{"fifu_image_url":"","fifu_image_alt":"","footnotes":""},"categories":[73,55],"tags":[],"class_list":["post-140771","post","type-post","status-publish","format-standard","hentry","category-actualite","category-tunisie"],"_links":{"self":[{"href":"https:\/\/linitiative.ca\/International\/wp-json\/wp\/v2\/posts\/140771","targetHints":{"allow":["GET"]}}],"collection":[{"href":"https:\/\/linitiative.ca\/International\/wp-json\/wp\/v2\/posts"}],"about":[{"href":"https:\/\/linitiative.ca\/International\/wp-json\/wp\/v2\/types\/post"}],"author":[{"embeddable":true,"href":"https:\/\/linitiative.ca\/International\/wp-json\/wp\/v2\/users\/1789"}],"replies":[{"embeddable":true,"href":"https:\/\/linitiative.ca\/International\/wp-json\/wp\/v2\/comments?post=140771"}],"version-history":[{"count":0,"href":"https:\/\/linitiative.ca\/International\/wp-json\/wp\/v2\/posts\/140771\/revisions"}],"wp:attachment":[{"href":"https:\/\/linitiative.ca\/International\/wp-json\/wp\/v2\/media?parent=140771"}],"wp:term":[{"taxonomy":"category","embeddable":true,"href":"https:\/\/linitiative.ca\/International\/wp-json\/wp\/v2\/categories?post=140771"},{"taxonomy":"post_tag","embeddable":true,"href":"https:\/\/linitiative.ca\/International\/wp-json\/wp\/v2\/tags?post=140771"}],"curies":[{"name":"wp","href":"https:\/\/api.w.org\/{rel}","templated":true}]}}