{"id":140772,"date":"2022-02-13T13:58:24","date_gmt":"2022-02-13T18:58:24","guid":{"rendered":"https:\/\/linitiative.ca\/International\/eventuel-depart-de-barkhane-du-mali-la-france-a-desormais-une-obligation-de-resultats-dans-les-autres-pays-du-sahel\/"},"modified":"2022-02-13T13:58:24","modified_gmt":"2022-02-13T18:58:24","slug":"eventuel-depart-de-barkhane-du-mali-la-france-a-desormais-une-obligation-de-resultats-dans-les-autres-pays-du-sahel","status":"publish","type":"post","link":"https:\/\/linitiative.ca\/International\/eventuel-depart-de-barkhane-du-mali-la-france-a-desormais-une-obligation-de-resultats-dans-les-autres-pays-du-sahel\/","title":{"rendered":"EVENTUEL DEPART DE BARKHANE DU MALI : La France a d\u00e9sormais une obligation de r\u00e9sultats dans les autres pays du Sahel"},"content":{"rendered":"<div>\n<p><img decoding=\"async\" width=\"1137\" height=\"636\" src=\"https:\/\/linitiative.ca\/International\/wp-content\/uploads\/sites\/23\/2022\/02\/lepaysresponsive-5.png\" class=\"attachment- default-featured-img\" alt=\"\" loading=\"lazy\" srcset=\"https:\/\/linitiative.ca\/International\/wp-content\/uploads\/sites\/23\/2022\/02\/lepaysresponsive-5.png 1137w, https:\/\/lepays.bf\/wp-content\/uploads\/2017\/07\/lepaysresponsive-300x168.png 300w, https:\/\/lepays.bf\/wp-content\/uploads\/2017\/07\/lepaysresponsive-768x430.png 768w, https:\/\/lepays.bf\/wp-content\/uploads\/2017\/07\/lepaysresponsive-1024x573.png 1024w\" sizes=\"auto, (max-width: 1137px) 100vw, 1137px\">Un nouveau cap du d\u00e9samour entre Paris et Bamako sera probablement franchi dans les prochains jours, avec le retrait \u00e9ventuel de la force Barkhane du Gourma malien et de l\u2019Adrar des Ifhogas. Si l\u2019on en croit les autorit\u00e9s fran\u00e7aises, en effet, les emprises militaires de Kidal, de Tessalit et de Tombouctou seront tr\u00e8s bient\u00f4t ferm\u00e9es, \u2026<\/p>\n<p>L\u2019article <a rel=\"nofollow\" href=\"https:\/\/lepays.bf\/eventuel-depart-de-barkhane-du-mali-la-france-a-desormais-une-obligation-de-resultats-dans-les-autres-pays-du-sahel\/\">EVENTUEL DEPART DE BARKHANE DU MALI : La France a d\u00e9sormais une obligation de r\u00e9sultats dans les autres pays du Sahel<\/a> est apparu en premier sur <a rel=\"nofollow\" href=\"https:\/\/lepays.bf\/\">Editions Le Pays<\/a>.<\/p>\n<\/div>\n<p>Auteur: Editions LEPAYS<br \/>\n<a href=\"https:\/\/lepays.bf\/eventuel-depart-de-barkhane-du-mali-la-france-a-desormais-une-obligation-de-resultats-dans-les-autres-pays-du-sahel\/\">Cliquez ici pour lire l&rsquo;article depuis sa source.<\/a><\/p>\n","protected":false},"excerpt":{"rendered":"<p>Un nouveau cap du d\u00e9samour entre Paris et Bamako sera probablement franchi dans les prochains jours, avec le retrait \u00e9ventuel de la force Barkhane du Gourma malien et de l\u2019Adrar des Ifhogas. Si l\u2019on en croit les autorit\u00e9s fran\u00e7aises, en effet, les emprises militaires de Kidal, de Tessalit et de Tombouctou seront tr\u00e8s bient\u00f4t ferm\u00e9es, [&hellip;]<\/p>\n","protected":false},"author":1813,"featured_media":0,"comment_status":"closed","ping_status":"closed","sticky":false,"template":"","format":"standard","meta":{"fifu_image_url":"https:\/\/lepays.bf\/wp-content\/uploads\/2017\/07\/lepaysresponsive.png","fifu_image_alt":"EVENTUEL DEPART DE BARKHANE DU MALI : La France a d\u00e9sormais une obligation de r\u00e9sultats dans les autres pays du Sahel","footnotes":""},"categories":[73,81],"tags":[],"class_list":["post-140772","post","type-post","status-publish","format-standard","hentry","category-actualite","category-burkina-faso"],"_links":{"self":[{"href":"https:\/\/linitiative.ca\/International\/wp-json\/wp\/v2\/posts\/140772","targetHints":{"allow":["GET"]}}],"collection":[{"href":"https:\/\/linitiative.ca\/International\/wp-json\/wp\/v2\/posts"}],"about":[{"href":"https:\/\/linitiative.ca\/International\/wp-json\/wp\/v2\/types\/post"}],"author":[{"embeddable":true,"href":"https:\/\/linitiative.ca\/International\/wp-json\/wp\/v2\/users\/1813"}],"replies":[{"embeddable":true,"href":"https:\/\/linitiative.ca\/International\/wp-json\/wp\/v2\/comments?post=140772"}],"version-history":[{"count":0,"href":"https:\/\/linitiative.ca\/International\/wp-json\/wp\/v2\/posts\/140772\/revisions"}],"wp:attachment":[{"href":"https:\/\/linitiative.ca\/International\/wp-json\/wp\/v2\/media?parent=140772"}],"wp:term":[{"taxonomy":"category","embeddable":true,"href":"https:\/\/linitiative.ca\/International\/wp-json\/wp\/v2\/categories?post=140772"},{"taxonomy":"post_tag","embeddable":true,"href":"https:\/\/linitiative.ca\/International\/wp-json\/wp\/v2\/tags?post=140772"}],"curies":[{"name":"wp","href":"https:\/\/api.w.org\/{rel}","templated":true}]}}