{"id":140779,"date":"2022-02-13T17:16:12","date_gmt":"2022-02-13T22:16:12","guid":{"rendered":"https:\/\/linitiative.ca\/International\/les-acteurs-des-circonscriptions-administratives-sengagent-a-accompagner-le-mpsr\/"},"modified":"2022-02-13T17:16:12","modified_gmt":"2022-02-13T22:16:12","slug":"les-acteurs-des-circonscriptions-administratives-sengagent-a-accompagner-le-mpsr","status":"publish","type":"post","link":"https:\/\/linitiative.ca\/International\/les-acteurs-des-circonscriptions-administratives-sengagent-a-accompagner-le-mpsr\/","title":{"rendered":"Les\u00a0acteurs des circonscriptions administratives s\u2019engagent\u00a0 \u00e0 accompagner le MPSR"},"content":{"rendered":"<div>\n<p><strong>Le Pr\u00e9sident du Faso, le lieutenant-colonel Paul-Henri Sandaogo Damiba, a rencontr\u00e9, le vendredi 11 f\u00e9vrier 2022 \u00e0 Ouagadougou, les gouverneurs, les hauts-commissaires et les pr\u00e9fets. Les \u00e9changes ont port\u00e9 essentiellement sur la continuit\u00e9 du service public, la mise en place\u00a0des d\u00e9l\u00e9gations sp\u00e9ciales r\u00e9gionales et communales\u00a0ainsi que sur les objectifs du\u00a0Mouvement patriotique pour la sauvegarde et la restauration (MPSR).<\/strong><\/p>\n<p>Le chef de l\u2019Etat a rappel\u00e9 \u00e0 la d\u00e9l\u00e9gation de chefs de circonscription administrative le but du MPSR qui est de \u00ab\u00a0permettre au peuple meurtri, de panser ses plaies, de reconstruire sa coh\u00e9sion et de retrouver son int\u00e9grit\u00e9. \u00ab\u00a0(\u2026)\u00a0Il nous faut donc nous mettre ensemble au travail pour l\u2019av\u00e8nement d\u2019une nation reconquise, unie et prosp\u00e8re\u00a0\u00bb, a declar\u00e9\u00a0le lieutenant-colonel Paul-Henri Sandaogo Damiba. Il a ensuite invit\u00e9 les chefs de circonscription administrative \u00e0 observer le devoir de r\u00e9serve que commande leur fonction et \u00e0 \u00eatre des serviteurs loyaux de l\u2019Etat.\u00a0\u00a0\u00ab\u00a0Quelles que soient vos convictions ant\u00e9rieures, j\u2019engage tout un chacun de vous \u00e0 la circonspection et \u00e0 une action d\u00e9barrass\u00e9e de toute consid\u00e9ration politique\u00a0\u00bb, a-t-il soutenu. Sur la question de la mise en place des d\u00e9l\u00e9gations sp\u00e9ciales, le chef de l\u2019Etat a insist\u00e9 sur l\u2019importance de ne plus \u00ab\u00a0retrouver des politiciens connus dans la nouvelle gestion\u00a0\u00bb, car \u00ab\u00a0le conseil de collectivit\u00e9 est dissout \u00e0 l\u2019effet de sortir sa gestion de l\u2019influence politique\u00a0\u00bb, a pr\u00e9cis\u00e9 le pr\u00e9sident du Faso.<\/p>\n<p>Le gouverneur de la r\u00e9gion des Cascades, porte-parole des gouverneurs pour le mois de f\u00e9vrier,\u00a0Jos\u00e9phine Koala Apiou Kabor\u00e9, a partag\u00e9 avec le chef de l\u2019Etat les difficult\u00e9s li\u00e9es \u00e0 la mise en place des d\u00e9l\u00e9gations sp\u00e9ciales. Il s\u2019agit, entre autres, des difficult\u00e9s d\u2019application des textes sur la mise en place des d\u00e9l\u00e9gations sp\u00e9ciales. Elle a aussi d\u00e9plor\u00e9 les vacances de poste ou les absences d\u2019agents en raison de la situation s\u00e9curitaire dans certaines circonscriptions administratives, l\u2019inaccessibilit\u00e9 de certaines localit\u00e9s et le manque de consensus pour le choix de leurs repr\u00e9sentants au sein de certaines composantes. Le lieutenant-colonel Paul-Henri Sandaogo Damiba a invit\u00e9 les chefs de circonscription administrative \u00e0 poursuivre le processus en attendant des mesures pr\u00e9vues par le MPSR pour soutenir la mise en place de ces d\u00e9l\u00e9gations sp\u00e9ciales. Il a enfin invit\u00e9 les gouverneurs, les hauts-commissaires et les pr\u00e9fets, \u00e0 apporter \u00ab\u00a0une contribution au mieux, depuis les d\u00e9partements jusqu\u2019aux r\u00e9gions\u00a0\u00bb\u00a0afin dit-il, d\u2019\u00ab\u00a0impulser la dynamique actuelle\u00a0\u00bb. Le porte-parole des gouverneurs, Jos\u00e9phine Koala Apiou Kabor\u00e9, a exprim\u00e9 \u00ab\u00a0la disponibilit\u00e9 et l\u2019engagement de tous les chefs de circonscription administrative \u00e0 accompagner le processus de sauvegarde et de restauration de notre ch\u00e8re patrie\u00a0\u00bb.<\/p>\n<p style=\"text-align: right\"><strong>Direction de la communication <\/strong><\/p>\n<p style=\"text-align: right\"><strong>de la pr\u00e9sidence du Faso <\/strong><\/p>\n<p>L\u2019article <a rel=\"nofollow\" href=\"https:\/\/www.sidwaya.info\/blog\/2022\/02\/13\/les-acteurs-des-circonscriptions-administratives-sengagent-a-accompagner-le-mpsr\/\">Les\u00a0acteurs des circonscriptions administratives s\u2019engagent\u00a0 \u00e0 accompagner le MPSR<\/a> est apparu en premier sur <a rel=\"nofollow\" href=\"https:\/\/www.sidwaya.info\/\">Quotidien Sidwaya<\/a>.<\/p>\n<\/div>\n<p>Auteur: JK. Sidwaya<br \/>\n<a href=\"https:\/\/www.sidwaya.info\/blog\/2022\/02\/13\/les-acteurs-des-circonscriptions-administratives-sengagent-a-accompagner-le-mpsr\/?utm_source=rss&#038;utm_medium=rss&#038;utm_campaign=les-acteurs-des-circonscriptions-administratives-sengagent-a-accompagner-le-mpsr\">Cliquez ici pour lire l&rsquo;article depuis sa source.<\/a><\/p>\n","protected":false},"excerpt":{"rendered":"<p>Le Pr\u00e9sident du Faso, le lieutenant-colonel Paul-Henri Sandaogo Damiba, a rencontr\u00e9, le vendredi 11 f\u00e9vrier 2022 \u00e0 Ouagadougou, les gouverneurs, les hauts-commissaires et les pr\u00e9fets. Les \u00e9changes ont port\u00e9 essentiellement sur la continuit\u00e9 du service public, la mise en place\u00a0des d\u00e9l\u00e9gations sp\u00e9ciales r\u00e9gionales et communales\u00a0ainsi que sur les objectifs du\u00a0Mouvement patriotique pour la sauvegarde et [&hellip;]<\/p>\n","protected":false},"author":1816,"featured_media":0,"comment_status":"closed","ping_status":"closed","sticky":false,"template":"","format":"standard","meta":{"fifu_image_url":"","fifu_image_alt":"","footnotes":""},"categories":[73,81],"tags":[],"class_list":["post-140779","post","type-post","status-publish","format-standard","hentry","category-actualite","category-burkina-faso"],"_links":{"self":[{"href":"https:\/\/linitiative.ca\/International\/wp-json\/wp\/v2\/posts\/140779","targetHints":{"allow":["GET"]}}],"collection":[{"href":"https:\/\/linitiative.ca\/International\/wp-json\/wp\/v2\/posts"}],"about":[{"href":"https:\/\/linitiative.ca\/International\/wp-json\/wp\/v2\/types\/post"}],"author":[{"embeddable":true,"href":"https:\/\/linitiative.ca\/International\/wp-json\/wp\/v2\/users\/1816"}],"replies":[{"embeddable":true,"href":"https:\/\/linitiative.ca\/International\/wp-json\/wp\/v2\/comments?post=140779"}],"version-history":[{"count":0,"href":"https:\/\/linitiative.ca\/International\/wp-json\/wp\/v2\/posts\/140779\/revisions"}],"wp:attachment":[{"href":"https:\/\/linitiative.ca\/International\/wp-json\/wp\/v2\/media?parent=140779"}],"wp:term":[{"taxonomy":"category","embeddable":true,"href":"https:\/\/linitiative.ca\/International\/wp-json\/wp\/v2\/categories?post=140779"},{"taxonomy":"post_tag","embeddable":true,"href":"https:\/\/linitiative.ca\/International\/wp-json\/wp\/v2\/tags?post=140779"}],"curies":[{"name":"wp","href":"https:\/\/api.w.org\/{rel}","templated":true}]}}