{"id":14078,"date":"2019-02-14T08:50:02","date_gmt":"2019-02-14T13:50:02","guid":{"rendered":"https:\/\/linitiative.ca\/International\/une-jeune-britannique-de-lei-veut-rentrer-au-pays-malgre-labsence-de-regrets\/"},"modified":"2019-02-14T08:50:02","modified_gmt":"2019-02-14T13:50:02","slug":"une-jeune-britannique-de-lei-veut-rentrer-au-pays-malgre-labsence-de-regrets","status":"publish","type":"post","link":"https:\/\/linitiative.ca\/International\/une-jeune-britannique-de-lei-veut-rentrer-au-pays-malgre-labsence-de-regrets\/","title":{"rendered":"Une jeune Britannique de l\u2019EI veut rentrer au pays malgr\u00e9 l\u2019absence de regrets"},"content":{"rendered":"<div readability=\"32\">\n<p>Publi\u00e9 le 14.02.2019 \u00e0 14h50 par AFP<\/p>\n<\/div>\n<div readability=\"140\">\n<p>Une jeune Britannique qui avait rejoint le groupe jihadiste Etat islamique (EI) en Syrie en 2015 a dit vouloir rentrer au Royaume-Uni malgr\u00e9 son absence de regrets, illustrant le d\u00e9fi aux gouvernements occidentaux pos\u00e9 par le retour de leurs ressortissants jihadistes et leurs familles.<\/p>\n<p>The Times a retrouv\u00e9 Shamina Begum, 19 ans, originaire de l\u2019est de Londres, dans le camp de r\u00e9fugi\u00e9s d\u2019Al-Hol, dans le nord-est de la Syrie. Elle est enceinte de neuf mois de son troisi\u00e8me enfant, apr\u00e8s la mort de deux premiers b\u00e9b\u00e9s de maladie et de malnutrition.\u00a0\u00bbJe ferai tout ce qui est n\u00e9cessaire pour pouvoir rentrer et vivre tranquillement avec mon enfant\u00a0\u00bb, a-t-elle confi\u00e9 au quotidien britannique.<\/p>\n<p>La jeune fille a toutefois assur\u00e9 ne rien regretter. Elle avait fugu\u00e9 en Syrie en f\u00e9vrier 2015, avec deux adolescentes qui fr\u00e9quentaient la m\u00eame \u00e9cole qu\u2019elle dans le quartier londonien de Bethnal Green, Amira Abase, alors \u00e2g\u00e9e de 15 ans, et Kadiza Sultana, 16 ans, dont le sort est incertain. Cette derni\u00e8re aurait \u00e9t\u00e9 tu\u00e9e dans un raid a\u00e9rien en 2016 \u00e0 Raqqa, capitale autoproclam\u00e9e de l\u2019EI.<\/p>\n<p>\u2013 \u00ab\u00a0Ma premi\u00e8re t\u00eate coup\u00e9e\u00a0\u00bb \u2013<\/p>\n<p>\u00ab\u00a0Je ne regrette pas d\u2019\u00eatre venue ici\u00a0\u00bb, a-t-elle d\u00e9clar\u00e9, se trouvant \u00ab\u00a0faible\u00a0\u00bb d\u2019avoir abandonn\u00e9 l\u2019EI en pleine d\u00e9route. Elle affirme avoir v\u00e9cu une vie \u00ab\u00a0normale\u00a0\u00bb \u00e0 Raqqa, \u00ab\u00a0celle que je voulais\u00a0\u00bb, mari\u00e9e \u00e0 un combattant n\u00e9erlandais de l\u2019EI. \u00ab\u00a0Quand j\u2019ai vu ma premi\u00e8re t\u00eate coup\u00e9e dans une poubelle, cela ne m\u2019a pas du tout troubl\u00e9e\u00a0\u00bb.<\/p>\n<p>Apr\u00e8s la conqu\u00eate de vastes r\u00e9gions en Syrie et en Irak en 2014, les jihadistes sont d\u00e9sormais accul\u00e9s dans un secteur de quelques kilom\u00e8tres carr\u00e9s dans l\u2019est syrien, pr\u00e8s de la fronti\u00e8re irakienne, selon l\u2019alliance arabo-kurde des Forces d\u00e9mocratiques syriennes (FDS), soutenue par une coalition internationale, qui poursuit son offensive contre le r\u00e9duit.<\/p>\n<p>Les pertes territoriales du groupe ultra-radical sunnite en Syrie et la perspective d\u2019un retrait am\u00e9ricain laissent craindre une dispersion des combattants \u00e9trangers de l\u2019EI et pose la question de leur retour dans leurs pays d\u2019origine.<\/p>\n<p>En juin 2018, les autorit\u00e9s britanniques estimaient \u00e0 900 le nombre de personnes parties combattre en Irak et en Syrie, dont un peu moins de 200 auraient \u00e9t\u00e9 tu\u00e9es et environ 400 sont revenues au Royaume-Uni. Quarante d\u2019entre elles ont \u00e9t\u00e9 poursuivies.<\/p>\n<p>Quelque 200 jihadistes britanniques se trouvent actuellement dans la r\u00e9gion, avait indiqu\u00e9 en janvier le chef de l\u2019antiterrorisme britannique, Neil Basu.<\/p>\n<p><ins data-revive-zoneid=\"9\" data-revive-id=\"10111e19d28d19d031742ee3b0b33eb0\"\/> <\/p>\n<p>\u00ab\u00a0Si vous \u00eates all\u00e9 l\u00e0-bas contre l\u2019avis des Affaires \u00e9trang\u00e8res et impliqu\u00e9 dans des activit\u00e9s terroristes, vous devez \u00eatre pr\u00eat, en cas de retour, \u00e0 \u00eatre interrog\u00e9 dans le cadre d\u2019une enqu\u00eate et \u00e9ventuellement poursuivi pour infractions terroristes\u00a0\u00bb, a pr\u00e9venu le secr\u00e9taire d\u2019Etat \u00e0 la S\u00e9curit\u00e9 int\u00e9rieure, Ben Wallace, jeudi sur la BBC.<\/p>\n<p>\u00ab\u00a0Les gens qui ont \u00e9t\u00e9 l\u00e0-bas en amateurs sont maintenant des terroristes professionnels ou des soutiens professionnels du terrorisme et nous devons veiller \u00e0 r\u00e9duire la menace s\u2019ils devaient revenir\u00a0\u00bb, a-t-il soulign\u00e9, afin de \u00ab\u00a0prot\u00e9ger le public\u00a0\u00bb.<\/p>\n<p>\u2013 \u00ab\u00a0Victimes\u00a0\u00bb \u2013<\/p>\n<p>Une loi anti-terroriste promulgu\u00e9e mardi au Royaume-Uni rend passible de dix ans d\u2019emprisonnement le fait pour un Britannique de s\u00e9journer sans motif valable en Syrie. Ce nouveau texte renforce l\u2019arsenal l\u00e9gislatif britannique qui, jusqu\u2019ici, exigeait des autorit\u00e9s la preuve que les personnes rentrant de Syrie y avaient men\u00e9 des activit\u00e9s terroristes.<\/p>\n<p>Selon l\u2019avocat des familles, Tasnime Akunjee, cit\u00e9 par The Times, la jeune fille et ses condisciples devraient \u00eatre consid\u00e9r\u00e9es comme des \u00ab\u00a0victimes\u00a0\u00bb.<\/p>\n<p>Des centaines de personnes, principalement des familles de jihadistes, fuient chaque jour les combats. Shamina Begum, dont le mari a \u00e9t\u00e9 fait prisonnier par le FDS, en fait partie.<\/p>\n<p>\u00ab\u00a0Je craignais que mon enfant sur le point de na\u00eetre ne meure comme mes autres enfants si je restais. J\u2019ai donc fui le califat. Maintenant, tout ce que je veux, c\u2019est rentrer en Grande-Bretagne\u00a0\u00bb, a-t-elle racont\u00e9. \u00ab\u00a0Le califat est fini. Il y avait tellement d\u2019oppression et de corruption que je pense qu\u2019ils ne m\u00e9ritent pas la victoire\u00a0\u00bb.<\/p>\n<\/div>\n<p>Auteur: AFP<br \/>\n<a href=\"https:\/\/www.journalducameroun.com\/une-jeune-britannique-de-lei-veut-rentrer-au-pays-malgre-labsence-de-regrets\/\">Cliquez ici pour lire l&rsquo;article depuis sa source.<\/a><\/p>\n","protected":false},"excerpt":{"rendered":"<p>Publi\u00e9 le 14.02.2019 \u00e0 14h50 par AFP Une jeune Britannique qui avait rejoint le groupe jihadiste Etat islamique (EI) en Syrie en 2015 a dit vouloir rentrer au Royaume-Uni malgr\u00e9 son absence de regrets, illustrant le d\u00e9fi aux gouvernements occidentaux pos\u00e9 par le retour de leurs ressortissants jihadistes et leurs familles. The Times a retrouv\u00e9 [&hellip;]<\/p>\n","protected":false},"author":1965,"featured_media":0,"comment_status":"closed","ping_status":"closed","sticky":false,"template":"","format":"standard","meta":{"fifu_image_url":"","fifu_image_alt":"","footnotes":""},"categories":[73,82],"tags":[],"class_list":["post-14078","post","type-post","status-publish","format-standard","hentry","category-actualite","category-cameroun"],"_links":{"self":[{"href":"https:\/\/linitiative.ca\/International\/wp-json\/wp\/v2\/posts\/14078","targetHints":{"allow":["GET"]}}],"collection":[{"href":"https:\/\/linitiative.ca\/International\/wp-json\/wp\/v2\/posts"}],"about":[{"href":"https:\/\/linitiative.ca\/International\/wp-json\/wp\/v2\/types\/post"}],"author":[{"embeddable":true,"href":"https:\/\/linitiative.ca\/International\/wp-json\/wp\/v2\/users\/1965"}],"replies":[{"embeddable":true,"href":"https:\/\/linitiative.ca\/International\/wp-json\/wp\/v2\/comments?post=14078"}],"version-history":[{"count":0,"href":"https:\/\/linitiative.ca\/International\/wp-json\/wp\/v2\/posts\/14078\/revisions"}],"wp:attachment":[{"href":"https:\/\/linitiative.ca\/International\/wp-json\/wp\/v2\/media?parent=14078"}],"wp:term":[{"taxonomy":"category","embeddable":true,"href":"https:\/\/linitiative.ca\/International\/wp-json\/wp\/v2\/categories?post=14078"},{"taxonomy":"post_tag","embeddable":true,"href":"https:\/\/linitiative.ca\/International\/wp-json\/wp\/v2\/tags?post=14078"}],"curies":[{"name":"wp","href":"https:\/\/api.w.org\/{rel}","templated":true}]}}