{"id":140783,"date":"2022-02-13T17:38:05","date_gmt":"2022-02-13T22:38:05","guid":{"rendered":"https:\/\/linitiative.ca\/International\/gendarmerie-nationale-le-lieutenant-colonel-evrard-somda-aux-commandes\/"},"modified":"2022-02-13T17:38:05","modified_gmt":"2022-02-13T22:38:05","slug":"gendarmerie-nationale-le-lieutenant-colonel-evrard-somda-aux-commandes","status":"publish","type":"post","link":"https:\/\/linitiative.ca\/International\/gendarmerie-nationale-le-lieutenant-colonel-evrard-somda-aux-commandes\/","title":{"rendered":"Gendarmerie nationale : le lieutenant-colonel Evrard Somda aux commandes"},"content":{"rendered":"<div>\n<p><strong>Le lieutenant-colonel Evrard Somda a \u00e9t\u00e9 officiellement install\u00e9 dans ses fonctions de chef d\u2019\u00e9tat-major de la Gendarmerie nationale du Burkina, le vendredi 11 f\u00e9vrier 2022, \u00e0 Ouagadougou.<\/strong><\/p>\n<p>La Gendarmerie nationale du Burkina a un nouveau chef d\u2019\u00e9tat-major. Il s\u2019agit du lieutenant-colonel Evrard Somda, nomm\u00e9 par d\u00e9cret le 2 f\u00e9vrier 2022 en remplacement du colonel-major Omer Bambara. La c\u00e9r\u00e9monie de passation de commandement s\u2019est d\u00e9roul\u00e9e dans la matin\u00e9e du vendredi 11 f\u00e9vrier 2022, \u00e0 Ouagadougou, sous la pr\u00e9sidence du chef d\u2019\u00e9tat-major g\u00e9n\u00e9ral des arm\u00e9es, colonel-major David Kabr\u00e9. Dans son allocution, Evrard Somda a eu une pens\u00e9e pour ses fr\u00e8res d\u2019armes tomb\u00e9s sur le champ de bataille contre l\u2019hydre terroriste. Il les a rassur\u00e9s que leur sacrifice ne sera pas vain, car il \u0153uvrera \u00e0 ce que leur sang vers\u00e9 \u2018\u2019 fertilise la lutte h\u00e9ro\u00efque \u2018\u2019 contre les forces du mal. Mais, pour gagner cette bataille, il a reconnu qu\u2019une r\u00e9organisation de la Gendarmerie nationale s\u2019impose afin de la rendre plus op\u00e9rationnelle. Selon lui, l\u2019ancrage institutionnel actuel de l\u2019institution est pr\u00e9judiciable \u00e0 la s\u00e9curit\u00e9 et \u00e0 la d\u00e9fense nationale. Il en veut pour preuve les dysfonctionnements constat\u00e9s lors de la derni\u00e8re attaque d\u2019Inata qui rappelle \u00ab l\u2019urgence de donner l\u2019autonomie n\u00e9cessaire \u00bb \u00e0 l\u2019\u2019institution pour plus d\u2019efficacit\u00e9.<\/p>\n<figure id=\"attachment_45548\" aria-describedby=\"caption-attachment-45548\" style=\"width: 300px\" class=\"wp-caption alignleft\"><img decoding=\"async\" loading=\"lazy\" class=\"wp-image-45548 size-medium\" src=\"https:\/\/linitiative.ca\/International\/wp-content\/uploads\/sites\/23\/2022\/02\/2-6-300x200-1.jpg\" alt=\"\" width=\"300\" height=\"200\" srcset=\"https:\/\/linitiative.ca\/International\/wp-content\/uploads\/sites\/23\/2022\/02\/2-6-300x200-1.jpg 300w, https:\/\/www.sidwaya.info\/wp-content\/uploads\/2022\/02\/2-6-150x100.jpg 150w, https:\/\/www.sidwaya.info\/wp-content\/uploads\/2022\/02\/2-6.jpg 595w\" sizes=\"auto, (max-width: 300px) 100vw, 300px\"><figcaption id=\"caption-attachment-45548\" class=\"wp-caption-text\">Par cet acte, l\u2019officier a officiellement pris les r\u00eanes de la Gendarmerie nationale.<\/figcaption><\/figure>\n<p>Dans l\u2019optique de r\u00e9organisation de la gendarmerie, le lieutenant-colonel Somda entend dynamiser les unit\u00e9s et sous-unit\u00e9s de police judiciaire et techniques d\u00e9di\u00e9es aux investigations en mati\u00e8re de corruption, de fraude, de crimes \u00e9conomiques et de trafics divers. Toute chose qui contribuera, foi du nouveau chef d\u2019\u00e9tat-major, d\u2019ass\u00e9cher les sources de financement du terrorisme. En sus, il a promis de renforcer le service social de la gendarmerie en vue d\u2019une meilleure assistance psychologique des hommes engag\u00e9s sur les th\u00e9\u00e2tres d\u2019op\u00e9rations et un meilleur accompagnement des bless\u00e9s. \u00ab Nous allons \u00e9galement renforcer et moderniser nos infrastructures de formation et d\u2019entrainement \u00bb, a-t-il annonc\u00e9. Conjuguer les efforts Pour Evrard Somda, le r\u00f4le de la gendarmerie, dans la nouvelle strat\u00e9gie de lutte contre le terrorisme, est tr\u00e8s grand. \u00ab En tant que gendarme, nous sommes des gens d\u2019armes, c\u2019est-\u00e0-dire des gens arm\u00e9s diss\u00e9min\u00e9s au sein des populations pour les prot\u00e9ger et les servir \u00bb, a-t-il d\u00e9clar\u00e9 avant de promettre que son institution mettra tous les moyens en \u0153uvre pour jouer pleinement sa partition dans la guerre contre les forces du mal. Pour ce faire, il a appel\u00e9 ses collaborateurs \u00e0 faire montre d\u2019une coh\u00e9sion interne ind\u00e9fectible en se soudant autour de l\u2019essentiel qui est la sauvegarde du peuple et la refondation de la Nation. Mais, m\u00eame avec une forte coh\u00e9sion interne, le premier responsable de la gendarmerie a not\u00e9 qu\u2019un puzzle va toujours manquer pour une victoire certaine sur le terrorisme. Il s\u2019agit, selon lui, de la conjugaison des efforts de son institution avec ceux des autres forces vives de la Nation. \u00ab M\u00eame soud\u00e9s, nous ne gagnerons pas la guerre tout seuls. Il nous faut conjuguer nos efforts avec les forces arm\u00e9es, la police, les autres corps para militaires, les volontaires pour la d\u00e9fense de la patrie, la justice, etc. \u00bb, s\u2019est-il convaincu. Tout en remerciant le pr\u00e9sident du Mouvement patriotique pour la sauvegarde et la restauration (MPSR) pour la confiance plac\u00e9e en lui, en le nommant \u00e0 ce poste, il a promis \u00e0 ses collaborateurs de les traiter avec la m\u00eame exigence qu\u2019il aura vis-\u00e0-vis de lui-m\u00eame. \u00ab Mon engagement \u00e0 vos c\u00f4t\u00e9s sera quotidien. Il est dit qu\u2019\u00e0 la d\u00e9f\u00e9rence des subordonn\u00e9s doit correspondre la bienveillance du chef. En retour de cette bienveillance que j\u2019aurai en permanence, j\u2019attends de vous rigueur, discipline, professionnalisme et d\u00e9sint\u00e9ressement \u00bb, s\u2019est-il adress\u00e9 \u00e0 ses collaborateurs.<\/p>\n<p style=\"text-align: right\"><strong> Nad\u00e8ge YAMEOGO<\/strong><\/p>\n<hr>\n<p><strong>Bref aper\u00e7u du parcours du nouveau chef de la Gendarmerie nationale<\/strong><\/p>\n<p>Le lieutenant-colonel Evrard Somda est n\u00e9 le 24 janvier 1981 \u00e0 Dissin. Apr\u00e8s des \u00e9tudes secondaires au Prytan\u00e9e militaire du Kadiogo (PMK), il obtient son baccalaur\u00e9at en 1999. Il int\u00e8gre par la suite la facult\u00e9 de Droit de l\u2019Universit\u00e9 de Ouagadougou o\u00f9 il d\u00e9croche un Dipl\u00f4me d\u2019\u00e9tudes universitaires g\u00e9n\u00e9rales (DEUG) en 2001. La m\u00eame ann\u00e9e, il est admis \u00e0 l\u2019Acad\u00e9mie militaire Georges-Namoano de P\u00f4 d\u2019o\u00f9 il sort officier d\u2019infanterie deux ann\u00e9es plus tard. D\u2019instructeur permanent \u00e0 l\u2019Ecole nationale de gendarmerie \u00e0 Bobo-Dioulasso de 2003 \u00e0 2004, il devient commandant de l\u2019escadron mobile N\u20702 de Bobo-Dioulasso de 2004 \u00e0 2006 puis de celui de s\u00e9curit\u00e9 et d\u2019intervention du Burkina Faso de 2006 \u00e0 2008. Apr\u00e8s ces exp\u00e9riences, l\u2019officier Somda se verra confier la s\u00e9curit\u00e9 du Premier ministre de 2008 \u00e0 2012. Il occupera par la suite d\u2019autres postes de responsabilit\u00e9 avant d\u2019\u00eatre nomm\u00e9 commandant de la l\u00e9gion sp\u00e9ciale de la Gendarmerie nationale en novembre 2021. Fonction qu\u2019il a occup\u00e9e jusqu\u2019\u00e0 sa nomination \u00e0 la t\u00eate de la Gendarmerie nationale le 2 f\u00e9vrier 2022. Le nouveau chef d\u2019\u00e9tat-major de la gendarmerie est titulaire de plusieurs dipl\u00f4mes dont celui de l\u2019\u00e9cole de guerre de Paris et d\u2019un Master en sciences criminelles. Il est actuellement en 2e ann\u00e9e de th\u00e8se en sciences humaines et humanit\u00e9s nouvelles, sp\u00e9cialit\u00e9 s\u00e9curit\u00e9- d\u00e9fense du Conservatoire national des arts et m\u00e9tiers de Paris. Il est titulaire de plusieurs distinctions honorifiques dont la m\u00e9daille d\u2019honneur militaire et celle comm\u00e9morative avec agrafe Guin\u00e9e-Bissau.<\/p>\n<p style=\"text-align: right\"><strong>N.Y.<\/strong><\/p>\n<p>L\u2019article <a rel=\"nofollow\" href=\"https:\/\/www.sidwaya.info\/blog\/2022\/02\/13\/gendarmerie-nationale-le-lieutenant-colonel-evrard-somda-aux-commandes\/\">Gendarmerie nationale : le lieutenant-colonel Evrard Somda aux commandes<\/a> est apparu en premier sur <a rel=\"nofollow\" href=\"https:\/\/www.sidwaya.info\/\">Quotidien Sidwaya<\/a>.<\/p>\n<\/div>\n<p>Auteur: JK. Sidwaya<br \/>\n<a href=\"https:\/\/www.sidwaya.info\/blog\/2022\/02\/13\/gendarmerie-nationale-le-lieutenant-colonel-evrard-somda-aux-commandes\/?utm_source=rss&#038;utm_medium=rss&#038;utm_campaign=gendarmerie-nationale-le-lieutenant-colonel-evrard-somda-aux-commandes\">Cliquez ici pour lire l&rsquo;article depuis sa source.<\/a><\/p>\n","protected":false},"excerpt":{"rendered":"<p>Le lieutenant-colonel Evrard Somda a \u00e9t\u00e9 officiellement install\u00e9 dans ses fonctions de chef d\u2019\u00e9tat-major de la Gendarmerie nationale du Burkina, le vendredi 11 f\u00e9vrier 2022, \u00e0 Ouagadougou. La Gendarmerie nationale du Burkina a un nouveau chef d\u2019\u00e9tat-major. Il s\u2019agit du lieutenant-colonel Evrard Somda, nomm\u00e9 par d\u00e9cret le 2 f\u00e9vrier 2022 en remplacement du colonel-major Omer [&hellip;]<\/p>\n","protected":false},"author":1816,"featured_media":0,"comment_status":"closed","ping_status":"closed","sticky":false,"template":"","format":"standard","meta":{"fifu_image_url":"https:\/\/www.sidwaya.info\/wp-content\/uploads\/2022\/02\/2-6-300x200.jpg","fifu_image_alt":"Gendarmerie nationale : le lieutenant-colonel Evrard Somda aux commandes","footnotes":""},"categories":[73,81],"tags":[],"class_list":["post-140783","post","type-post","status-publish","format-standard","hentry","category-actualite","category-burkina-faso"],"_links":{"self":[{"href":"https:\/\/linitiative.ca\/International\/wp-json\/wp\/v2\/posts\/140783","targetHints":{"allow":["GET"]}}],"collection":[{"href":"https:\/\/linitiative.ca\/International\/wp-json\/wp\/v2\/posts"}],"about":[{"href":"https:\/\/linitiative.ca\/International\/wp-json\/wp\/v2\/types\/post"}],"author":[{"embeddable":true,"href":"https:\/\/linitiative.ca\/International\/wp-json\/wp\/v2\/users\/1816"}],"replies":[{"embeddable":true,"href":"https:\/\/linitiative.ca\/International\/wp-json\/wp\/v2\/comments?post=140783"}],"version-history":[{"count":0,"href":"https:\/\/linitiative.ca\/International\/wp-json\/wp\/v2\/posts\/140783\/revisions"}],"wp:attachment":[{"href":"https:\/\/linitiative.ca\/International\/wp-json\/wp\/v2\/media?parent=140783"}],"wp:term":[{"taxonomy":"category","embeddable":true,"href":"https:\/\/linitiative.ca\/International\/wp-json\/wp\/v2\/categories?post=140783"},{"taxonomy":"post_tag","embeddable":true,"href":"https:\/\/linitiative.ca\/International\/wp-json\/wp\/v2\/tags?post=140783"}],"curies":[{"name":"wp","href":"https:\/\/api.w.org\/{rel}","templated":true}]}}