{"id":140785,"date":"2022-02-13T08:32:11","date_gmt":"2022-02-13T13:32:11","guid":{"rendered":"https:\/\/linitiative.ca\/International\/le-trafic-conteneurs-du-port-de-kribi-augmente-de-114-en-2021\/"},"modified":"2022-02-13T08:32:11","modified_gmt":"2022-02-13T13:32:11","slug":"le-trafic-conteneurs-du-port-de-kribi-augmente-de-114-en-2021","status":"publish","type":"post","link":"https:\/\/linitiative.ca\/International\/le-trafic-conteneurs-du-port-de-kribi-augmente-de-114-en-2021\/","title":{"rendered":"Le trafic conteneurs du Port de Kribi augmente de 114% en 2021"},"content":{"rendered":"<div>\n<p>Au cours de l\u2019ann\u00e9e 2021, le volume de conteneurs trait\u00e9s au Port Autonome de Kribi(PAK)\u00a0a connu une forte augmentation. Selon des donn\u00e9es rendues publiques par l\u2019entreprise, 817 71\u00a0\u00a0EVP (Equivalent Vingt Pieds) ont \u00e9t\u00e9 enregistr\u00e9es sur le trafic domestique au cours de la p\u00e9riode sous revue, soit un taux de progression de 114%. Le total Import et Export pleins s\u2019est \u00e9tabli \u00e0 59264 EVP soit une progression de 94%.<\/p>\n<p><strong>Lire aussi<\/strong> : <strong><a href=\"https:\/\/ecomatin.net\/douane-le-secteur-sud-ii-genere-des-recettes-de-150-milliards-grace-au-port-de-kribi\/\">Douane\u00a0: le secteur Sud II g\u00e9n\u00e8re des recettes de 150 milliards gr\u00e2ce au Port de Kribi<\/a><\/strong><\/p>\n<p>L\u2019entreprise publique en charge de la gestion de cette plateforme portuaire,\u00a0explique ces r\u00e9sultats reluisants par les r\u00e9cents investissements engag\u00e9s\u00a0notamment\u00a0: l\u2019acquisition en 2021 de plusieurs nouveaux portiques ; de l\u2019excellence op\u00e9rationnelle des\u00a0\u00e9quipes \u00ab\u00a0de la d\u00e9mat\u00e9rialisation de l\u2019ensemble des proc\u00e9dures d\u2019importation et d\u2019exportation au Port de Kribi ; de la synergie d\u2019actions entre les acteurs portuaires et les usagers du Port. Synergie qui a permis notamment d\u2019obtenir des d\u00e9lais r\u00e9duits de traitement d\u2019entr\u00e9e et de sortie des marchandises\u00a0\u00bb, justifie l\u2019entreprise dirig\u00e9e par Patrice Melom.<\/p>\n<p><strong>Lire aussi<\/strong> : <strong><a href=\"https:\/\/ecomatin.net\/le-port-de-kribi-enregistre-des-s-recettes-douanieres-record-de-7356-milliards-au-1er-semestre-2021\/\">Le Port de Kribi enregistre des recettes douani\u00e8res record de 73,56 milliards au 1er semestre 2021<\/a><\/strong><\/p>\n<p>L\u2019on peut \u00e9galement attribuer cette performation haussi\u00e8re \u00e0 la strat\u00e9gie de l\u2019amateur fran\u00e7ais CMA CGM, qui en avril 2021, prenait\u00a0\u00a0la d\u00e9cision\u00a0\u00a0de rationaliser ses lignes \u00ab\u00a0la nouvelle strat\u00e9gie de cette entreprise pour r\u00e9pondre \u00e0 certains facteurs impond\u00e9rables consiste \u00e0 rationaliser les lignes. Compte tenu du d\u00e9ficit de fluidit\u00e9 du Port de Pointe Noire, Kribi a donc \u00e9t\u00e9 choisi comme port de transbordement. C\u2019est ainsi qu\u2018\u00e0 partir du 8 avril 2021, l\u2019armateur offre un r\u00e9seau de 3 feeders qui vont servir Douala-Bonab\u00e9ri et d\u2019autres Ports\u00a0\u00bb, expliquait l\u2019entreprise. Cette strat\u00e9gie a sans aucun doute a drain\u00e9 tout son trafic vers le seul port de Kribi.<\/p>\n<p>L\u2019article <a rel=\"nofollow\" href=\"https:\/\/ecomatin.net\/le-trafic-conteneurs-du-port-de-kribi-augmente-de-114-en-2021\/\">Le trafic conteneurs du Port de Kribi augmente de 114% en 2021<\/a> est apparu en premier sur <a rel=\"nofollow\" href=\"https:\/\/ecomatin.net\/\">EcoMatin<\/a>.<\/p>\n<\/div>\n<p>Auteur: Amina MALLOUM<br \/>\n<a href=\"https:\/\/ecomatin.net\/le-trafic-conteneurs-du-port-de-kribi-augmente-de-114-en-2021\/\">Cliquez ici pour lire l&rsquo;article depuis sa source.<\/a><\/p>\n","protected":false},"excerpt":{"rendered":"<p>Au cours de l\u2019ann\u00e9e 2021, le volume de conteneurs trait\u00e9s au Port Autonome de Kribi(PAK)\u00a0a connu une forte augmentation. Selon des donn\u00e9es rendues publiques par l\u2019entreprise, 817 71\u00a0\u00a0EVP (Equivalent Vingt Pieds) ont \u00e9t\u00e9 enregistr\u00e9es sur le trafic domestique au cours de la p\u00e9riode sous revue, soit un taux de progression de 114%. Le total Import [&hellip;]<\/p>\n","protected":false},"author":1969,"featured_media":0,"comment_status":"closed","ping_status":"closed","sticky":false,"template":"","format":"standard","meta":{"fifu_image_url":"","fifu_image_alt":"","footnotes":""},"categories":[82,78],"tags":[],"class_list":["post-140785","post","type-post","status-publish","format-standard","hentry","category-cameroun","category-economie"],"_links":{"self":[{"href":"https:\/\/linitiative.ca\/International\/wp-json\/wp\/v2\/posts\/140785","targetHints":{"allow":["GET"]}}],"collection":[{"href":"https:\/\/linitiative.ca\/International\/wp-json\/wp\/v2\/posts"}],"about":[{"href":"https:\/\/linitiative.ca\/International\/wp-json\/wp\/v2\/types\/post"}],"author":[{"embeddable":true,"href":"https:\/\/linitiative.ca\/International\/wp-json\/wp\/v2\/users\/1969"}],"replies":[{"embeddable":true,"href":"https:\/\/linitiative.ca\/International\/wp-json\/wp\/v2\/comments?post=140785"}],"version-history":[{"count":0,"href":"https:\/\/linitiative.ca\/International\/wp-json\/wp\/v2\/posts\/140785\/revisions"}],"wp:attachment":[{"href":"https:\/\/linitiative.ca\/International\/wp-json\/wp\/v2\/media?parent=140785"}],"wp:term":[{"taxonomy":"category","embeddable":true,"href":"https:\/\/linitiative.ca\/International\/wp-json\/wp\/v2\/categories?post=140785"},{"taxonomy":"post_tag","embeddable":true,"href":"https:\/\/linitiative.ca\/International\/wp-json\/wp\/v2\/tags?post=140785"}],"curies":[{"name":"wp","href":"https:\/\/api.w.org\/{rel}","templated":true}]}}