{"id":140787,"date":"2022-02-13T13:26:45","date_gmt":"2022-02-13T18:26:45","guid":{"rendered":"https:\/\/linitiative.ca\/International\/le-minader-va-construire-55-sechoirs-a-cacao-modernes-dans-le-sud-ouest\/"},"modified":"2022-02-13T13:26:45","modified_gmt":"2022-02-13T18:26:45","slug":"le-minader-va-construire-55-sechoirs-a-cacao-modernes-dans-le-sud-ouest","status":"publish","type":"post","link":"https:\/\/linitiative.ca\/International\/le-minader-va-construire-55-sechoirs-a-cacao-modernes-dans-le-sud-ouest\/","title":{"rendered":"Le Minader va construire 55 s\u00e9choirs \u00e0 cacao modernes dans le Sud-ouest"},"content":{"rendered":"<div>\n<p>55 s\u00e9choirs \u00e0 cacao modernes seront construits dans la r\u00e9gion du Sud-ouest. L\u2019initiative, qui comprend \u00e9galement la conception des unit\u00e9s de fermentation, est port\u00e9e par le Projet de d\u00e9veloppement des cha\u00eenes de valeur agricoles (PD-CVA), un programme du Minader. Les prestataires int\u00e9ress\u00e9s par la construction desdits s\u00e9choirs ont jusqu\u2019au 17 mars 2022 pour soumettre leurs candidatures au PD-CVA.<\/p>\n<p><strong>Lire aussi : <a href=\"https:\/\/ecomatin.net\/cacao-2-milliards-de-f-de-prime-de-qualite-a-distribuer-aux-producteurs-pour-les-campagnes-de-2018-a-2020\/\">Cacao\u00a0: 2 milliards de F de prime de qualit\u00e9 \u00e0 distribuer aux producteurs pour les campagnes de 2018 \u00e0 2020<\/a><\/strong><\/p>\n<p>Le projet de construction de ces s\u00e9choirs modernes vise, selon ses concepteurs, \u00e0 \u00ab\u00a0maintenir une qualit\u00e9 optimale pour les f\u00e8ves mises sur le march\u00e9\u00a0\u00bb. Et pour cause, apprend-on, les pluies poussent les producteurs \u00e0 des r\u00e9coltes pr\u00e9coces des f\u00e8ves qu\u2019ils s\u00e8chent par des techniques rudimentaires (au feu ou au soleil). Ce qui peut explique la d\u00e9cote du cacao camerounais depuis quelques ann\u00e9es.<\/p>\n<p><strong>Lire aussi : <a href=\"https:\/\/ecomatin.net\/le-prix-du-kilogramme-de-cacao-baisse-de-47-en-fin-dannee-2021\/\">Le prix du kilogramme de cacao baisse de 4,7% en fin d\u2019ann\u00e9e 2021<\/a><\/strong><\/p>\n<p>En effet, soutiennent des experts, en s\u00e9chant le cacao sur le feu ou au soleil sur le bitume comme cela se fait jusqu\u2019ici, le produit est intoxiqu\u00e9 par l\u2019arome de la fum\u00e9 ou les hydrocarbures aromatiques polycycliques. Selon un rapport de l\u2019Association nationale des producteurs de cacao et de caf\u00e9, \u00ab\u00a0en 2013, jusqu\u2019\u00e0 2\u2009000 tonnes de cacao camerounais ont \u00e9t\u00e9 rejet\u00e9es par le march\u00e9 europ\u00e9en, entrainant des pertes chiffr\u00e9es \u00e0 3 milliards FCFA\u00a0\u00bb.<\/p>\n<p><strong>Lire aussi : <a href=\"https:\/\/ecomatin.net\/le-chocolatier-cocoa-valley-va-investir-r-pres-de-36-milliards-pour-2000-tonnes-de-cacao-aupres-des-cooperatives-du-centre-et-du-sud-ouest\/\">Le Chocolatier Cocoa Valley va investir pr\u00e8s de 3,6 milliards pour 2000 tonnes de cacao aupr\u00e8s des coop\u00e9ratives du centre et du Sud-Ouest<\/a><\/strong><\/p>\n<p>Pour rappel, les 55 s\u00e9choirs \u00e0 construire seront install\u00e9s dans cinq (Ndian, Meme, Fako, Manyu et Kupe-Manengouba) des six d\u00e9partements du Sud-ouest, une r\u00e9gion consid\u00e9r\u00e9e comme un important bassin de production de cacao du Cameroun.<\/p>\n<p>L\u2019article <a rel=\"nofollow\" href=\"https:\/\/ecomatin.net\/le-minader-va-construire-55-sechoirs-a-cacao-modernes-dans-le-sud-ouest\/\">Le Minader va construire 55 s\u00e9choirs \u00e0 cacao modernes dans le Sud-ouest<\/a> est apparu en premier sur <a rel=\"nofollow\" href=\"https:\/\/ecomatin.net\/\">EcoMatin<\/a>.<\/p>\n<\/div>\n<p>Auteur: Bernard Bangda<br \/>\n<a href=\"https:\/\/ecomatin.net\/le-minader-va-construire-55-sechoirs-a-cacao-modernes-dans-le-sud-ouest\/\">Cliquez ici pour lire l&rsquo;article depuis sa source.<\/a><\/p>\n","protected":false},"excerpt":{"rendered":"<p>55 s\u00e9choirs \u00e0 cacao modernes seront construits dans la r\u00e9gion du Sud-ouest. L\u2019initiative, qui comprend \u00e9galement la conception des unit\u00e9s de fermentation, est port\u00e9e par le Projet de d\u00e9veloppement des cha\u00eenes de valeur agricoles (PD-CVA), un programme du Minader. Les prestataires int\u00e9ress\u00e9s par la construction desdits s\u00e9choirs ont jusqu\u2019au 17 mars 2022 pour soumettre leurs [&hellip;]<\/p>\n","protected":false},"author":1969,"featured_media":0,"comment_status":"closed","ping_status":"closed","sticky":false,"template":"","format":"standard","meta":{"fifu_image_url":"","fifu_image_alt":"","footnotes":""},"categories":[82,78],"tags":[],"class_list":["post-140787","post","type-post","status-publish","format-standard","hentry","category-cameroun","category-economie"],"_links":{"self":[{"href":"https:\/\/linitiative.ca\/International\/wp-json\/wp\/v2\/posts\/140787","targetHints":{"allow":["GET"]}}],"collection":[{"href":"https:\/\/linitiative.ca\/International\/wp-json\/wp\/v2\/posts"}],"about":[{"href":"https:\/\/linitiative.ca\/International\/wp-json\/wp\/v2\/types\/post"}],"author":[{"embeddable":true,"href":"https:\/\/linitiative.ca\/International\/wp-json\/wp\/v2\/users\/1969"}],"replies":[{"embeddable":true,"href":"https:\/\/linitiative.ca\/International\/wp-json\/wp\/v2\/comments?post=140787"}],"version-history":[{"count":0,"href":"https:\/\/linitiative.ca\/International\/wp-json\/wp\/v2\/posts\/140787\/revisions"}],"wp:attachment":[{"href":"https:\/\/linitiative.ca\/International\/wp-json\/wp\/v2\/media?parent=140787"}],"wp:term":[{"taxonomy":"category","embeddable":true,"href":"https:\/\/linitiative.ca\/International\/wp-json\/wp\/v2\/categories?post=140787"},{"taxonomy":"post_tag","embeddable":true,"href":"https:\/\/linitiative.ca\/International\/wp-json\/wp\/v2\/tags?post=140787"}],"curies":[{"name":"wp","href":"https:\/\/api.w.org\/{rel}","templated":true}]}}